{"id":2421,"date":"2026-08-21T11:14:47","date_gmt":"2026-08-21T11:14:47","guid":{"rendered":"https:\/\/www.farmaciamoreo.com\/blog\/?p=2421"},"modified":"2026-08-21T11:19:37","modified_gmt":"2026-08-21T11:19:37","slug":"cuidados-de-la-piel-despues-de-un-tratamiento-estetico","status":"publish","type":"post","link":"https:\/\/www.farmaciamoreo.com\/blog\/cuidados-de-la-piel-despues-de-un-tratamiento-estetico\/","title":{"rendered":"Cuidados de la piel despu\u00e9s de un tratamiento est\u00e9tico"},"content":{"rendered":"<div id=\"ez-toc-container\" class=\"ez-toc-v2_0_67_1 counter-hierarchy ez-toc-counter ez-toc-white ez-toc-container-direction\">\n<div class=\"ez-toc-title-container\">\n<p class=\"ez-toc-title \" >Contenido<\/p>\n<span class=\"ez-toc-title-toggle\"><a href=\"#\" class=\"ez-toc-pull-right ez-toc-btn ez-toc-btn-xs ez-toc-btn-default ez-toc-toggle\" aria-label=\"Toggle Table of Content\"><span class=\"ez-toc-js-icon-con\"><span class=\"\"><span class=\"eztoc-hide\" style=\"display:none;\">Toggle<\/span><span class=\"ez-toc-icon-toggle-span\"><svg style=\"fill: #999;color:#999\" xmlns=\"http:\/\/www.w3.org\/2000\/svg\" class=\"list-377408\" width=\"20px\" height=\"20px\" viewBox=\"0 0 24 24\" fill=\"none\"><path d=\"M6 6H4v2h2V6zm14 0H8v2h12V6zM4 11h2v2H4v-2zm16 0H8v2h12v-2zM4 16h2v2H4v-2zm16 0H8v2h12v-2z\" fill=\"currentColor\"><\/path><\/svg><svg style=\"fill: #999;color:#999\" class=\"arrow-unsorted-368013\" xmlns=\"http:\/\/www.w3.org\/2000\/svg\" width=\"10px\" height=\"10px\" viewBox=\"0 0 24 24\" version=\"1.2\" baseProfile=\"tiny\"><path d=\"M18.2 9.3l-6.2-6.3-6.2 6.3c-.2.2-.3.4-.3.7s.1.5.3.7c.2.2.4.3.7.3h11c.3 0 .5-.1.7-.3.2-.2.3-.5.3-.7s-.1-.5-.3-.7zM5.8 14.7l6.2 6.3 6.2-6.3c.2-.2.3-.5.3-.7s-.1-.5-.3-.7c-.2-.2-.4-.3-.7-.3h-11c-.3 0-.5.1-.7.3-.2.2-.3.5-.3.7s.1.5.3.7z\"\/><\/svg><\/span><\/span><\/span><\/a><\/span><\/div>\n<nav><ul class='ez-toc-list ez-toc-list-level-1 ' ><li class='ez-toc-page-1 ez-toc-heading-level-2'><a class=\"ez-toc-link ez-toc-heading-1\" href=\"https:\/\/www.farmaciamoreo.com\/blog\/cuidados-de-la-piel-despues-de-un-tratamiento-estetico\/#El_auge_de_los_tratamientos_esteticos\" title=\"El auge de los tratamientos est\u00e9ticos\">El auge de los tratamientos est\u00e9ticos<\/a><\/li><li class='ez-toc-page-1 ez-toc-heading-level-2'><a class=\"ez-toc-link ez-toc-heading-2\" href=\"https:\/\/www.farmaciamoreo.com\/blog\/cuidados-de-la-piel-despues-de-un-tratamiento-estetico\/#%C2%BFQue_ocurre_en_la_piel_despues_de_un_tratamiento_estetico\" title=\"\u00bfQu\u00e9 ocurre en la piel despu\u00e9s de un tratamiento est\u00e9tico?\">\u00bfQu\u00e9 ocurre en la piel despu\u00e9s de un tratamiento est\u00e9tico?<\/a><\/li><li class='ez-toc-page-1 ez-toc-heading-level-2'><a class=\"ez-toc-link ez-toc-heading-3\" href=\"https:\/\/www.farmaciamoreo.com\/blog\/cuidados-de-la-piel-despues-de-un-tratamiento-estetico\/#El_protocolo_post_tratamiento_estetico_REPARAR_HIDRATAR_FOTOEVITAR\" title=\"El protocolo post tratamiento est\u00e9tico: REPARAR + HIDRATAR + FOTOEVITAR\">El protocolo post tratamiento est\u00e9tico: REPARAR + HIDRATAR + FOTOEVITAR<\/a><ul class='ez-toc-list-level-3' ><li class='ez-toc-heading-level-3'><a class=\"ez-toc-link ez-toc-heading-4\" href=\"https:\/\/www.farmaciamoreo.com\/blog\/cuidados-de-la-piel-despues-de-un-tratamiento-estetico\/#PASO_1_REPARAR_recuperar_la_barrera_cutanea\" title=\"PASO 1. REPARAR: recuperar la barrera cut\u00e1nea\">PASO 1. REPARAR: recuperar la barrera cut\u00e1nea<\/a><ul class='ez-toc-list-level-4' ><li class='ez-toc-heading-level-4'><a class=\"ez-toc-link ez-toc-heading-5\" href=\"https:\/\/www.farmaciamoreo.com\/blog\/cuidados-de-la-piel-despues-de-un-tratamiento-estetico\/#Ceramidas_reconstruir_los_lipidos_de_la_barrera\" title=\"Ceramidas: reconstruir los l\u00edpidos de la barrera\">Ceramidas: reconstruir los l\u00edpidos de la barrera<\/a><\/li><li class='ez-toc-page-1 ez-toc-heading-level-4'><a class=\"ez-toc-link ez-toc-heading-6\" href=\"https:\/\/www.farmaciamoreo.com\/blog\/cuidados-de-la-piel-despues-de-un-tratamiento-estetico\/#Niacinamida_barrera_inflamacion_y_pigmentacion\" title=\"Niacinamida: barrera, inflamaci\u00f3n y pigmentaci\u00f3n\">Niacinamida: barrera, inflamaci\u00f3n y pigmentaci\u00f3n<\/a><\/li><li class='ez-toc-page-1 ez-toc-heading-level-4'><a class=\"ez-toc-link ez-toc-heading-7\" href=\"https:\/\/www.farmaciamoreo.com\/blog\/cuidados-de-la-piel-despues-de-un-tratamiento-estetico\/#Pantenol_hidratacion_y_efecto_calmante\" title=\"Pantenol: hidrataci\u00f3n y efecto calmante\">Pantenol: hidrataci\u00f3n y efecto calmante<\/a><\/li><li class='ez-toc-page-1 ez-toc-heading-level-4'><a class=\"ez-toc-link ez-toc-heading-8\" href=\"https:\/\/www.farmaciamoreo.com\/blog\/cuidados-de-la-piel-despues-de-un-tratamiento-estetico\/#Centella_asiatica_favorecer_la_recuperacion_cutanea\" title=\"Centella asi\u00e1tica: favorecer la recuperaci\u00f3n cut\u00e1nea\">Centella asi\u00e1tica: favorecer la recuperaci\u00f3n cut\u00e1nea<\/a><\/li><li class='ez-toc-page-1 ez-toc-heading-level-4'><a class=\"ez-toc-link ez-toc-heading-9\" href=\"https:\/\/www.farmaciamoreo.com\/blog\/cuidados-de-la-piel-despues-de-un-tratamiento-estetico\/#Aceite_de_rosa_mosqueta_lipidos_y_accion_antioxidante\" title=\"Aceite de rosa mosqueta: l\u00edpidos y acci\u00f3n antioxidante\">Aceite de rosa mosqueta: l\u00edpidos y acci\u00f3n antioxidante<\/a><\/li><li class='ez-toc-page-1 ez-toc-heading-level-4'><a class=\"ez-toc-link ez-toc-heading-10\" href=\"https:\/\/www.farmaciamoreo.com\/blog\/cuidados-de-la-piel-despues-de-un-tratamiento-estetico\/#Vitamina_E_defensa_frente_al_estres_oxidativo\" title=\"Vitamina E: defensa frente al estr\u00e9s oxidativo\">Vitamina E: defensa frente al estr\u00e9s oxidativo<\/a><\/li><\/ul><\/li><li class='ez-toc-page-1 ez-toc-heading-level-3'><a class=\"ez-toc-link ez-toc-heading-11\" href=\"https:\/\/www.farmaciamoreo.com\/blog\/cuidados-de-la-piel-despues-de-un-tratamiento-estetico\/#PASO_2_HIDRATAR_recuperar_y_retener_el_agua\" title=\"PASO 2. HIDRATAR: recuperar y retener el agua\">PASO 2. HIDRATAR: recuperar y retener el agua<\/a><ul class='ez-toc-list-level-4' ><li class='ez-toc-heading-level-4'><a class=\"ez-toc-link ez-toc-heading-12\" href=\"https:\/\/www.farmaciamoreo.com\/blog\/cuidados-de-la-piel-despues-de-un-tratamiento-estetico\/#Acido_hialuronico_captar_y_retener_agua\" title=\"\u00c1cido hialur\u00f3nico: captar y retener agua\">\u00c1cido hialur\u00f3nico: captar y retener agua<\/a><\/li><li class='ez-toc-page-1 ez-toc-heading-level-4'><a class=\"ez-toc-link ez-toc-heading-13\" href=\"https:\/\/www.farmaciamoreo.com\/blog\/cuidados-de-la-piel-despues-de-un-tratamiento-estetico\/#Glicerina_uno_de_los_grandes_humectantes\" title=\"Glicerina: uno de los grandes humectantes\">Glicerina: uno de los grandes humectantes<\/a><\/li><li class='ez-toc-page-1 ez-toc-heading-level-4'><a class=\"ez-toc-link ez-toc-heading-14\" href=\"https:\/\/www.farmaciamoreo.com\/blog\/cuidados-de-la-piel-despues-de-un-tratamiento-estetico\/#Pantenol_y_ceramidas_hidratacion_y_barrera\" title=\"Pantenol y ceramidas: hidrataci\u00f3n y barrera\">Pantenol y ceramidas: hidrataci\u00f3n y barrera<\/a><\/li><\/ul><\/li><li class='ez-toc-page-1 ez-toc-heading-level-3'><a class=\"ez-toc-link ez-toc-heading-15\" href=\"https:\/\/www.farmaciamoreo.com\/blog\/cuidados-de-la-piel-despues-de-un-tratamiento-estetico\/#PASO_3_FOTOEVITAR_mucho_mas_que_utilizar_protector_solar\" title=\"PASO 3. FOTOEVITAR: mucho m\u00e1s que utilizar protector solar\">PASO 3. FOTOEVITAR: mucho m\u00e1s que utilizar protector solar<\/a><ul class='ez-toc-list-level-4' ><li class='ez-toc-heading-level-4'><a class=\"ez-toc-link ez-toc-heading-16\" href=\"https:\/\/www.farmaciamoreo.com\/blog\/cuidados-de-la-piel-despues-de-un-tratamiento-estetico\/#%C2%BFComo_proteger_la_piel_despues_de_un_tratamiento_estetico\" title=\"\u00bfC\u00f3mo proteger la piel despu\u00e9s de un tratamiento est\u00e9tico?\">\u00bfC\u00f3mo proteger la piel despu\u00e9s de un tratamiento est\u00e9tico?<\/a><\/li><\/ul><\/li><li class='ez-toc-page-1 ez-toc-heading-level-3'><a class=\"ez-toc-link ez-toc-heading-17\" href=\"https:\/\/www.farmaciamoreo.com\/blog\/cuidados-de-la-piel-despues-de-un-tratamiento-estetico\/#%C2%BFQue_cosmeticos_debemos_evitar_despues_de_un_tratamiento_estetico\" title=\"\u00bfQu\u00e9 cosm\u00e9ticos debemos evitar despu\u00e9s de un tratamiento est\u00e9tico?\">\u00bfQu\u00e9 cosm\u00e9ticos debemos evitar despu\u00e9s de un tratamiento est\u00e9tico?<\/a><\/li><\/ul><\/li><li class='ez-toc-page-1 ez-toc-heading-level-2'><a class=\"ez-toc-link ez-toc-heading-18\" href=\"https:\/\/www.farmaciamoreo.com\/blog\/cuidados-de-la-piel-despues-de-un-tratamiento-estetico\/#Ejemplo_de_rutina_cosmetica_tras_un_procedimiento_dermoestetico\" title=\"Ejemplo de rutina cosm\u00e9tica tras un procedimiento dermoest\u00e9tico\">Ejemplo de rutina cosm\u00e9tica tras un procedimiento dermoest\u00e9tico<\/a><ul class='ez-toc-list-level-3' ><li class='ez-toc-heading-level-3'><a class=\"ez-toc-link ez-toc-heading-19\" href=\"https:\/\/www.farmaciamoreo.com\/blog\/cuidados-de-la-piel-despues-de-un-tratamiento-estetico\/#Limpieza\" title=\"Limpieza\">Limpieza<\/a><\/li><li class='ez-toc-page-1 ez-toc-heading-level-3'><a class=\"ez-toc-link ez-toc-heading-20\" href=\"https:\/\/www.farmaciamoreo.com\/blog\/cuidados-de-la-piel-despues-de-un-tratamiento-estetico\/#Reparar\" title=\"Reparar\">Reparar<\/a><\/li><li class='ez-toc-page-1 ez-toc-heading-level-3'><a class=\"ez-toc-link ez-toc-heading-21\" href=\"https:\/\/www.farmaciamoreo.com\/blog\/cuidados-de-la-piel-despues-de-un-tratamiento-estetico\/#Hidratacion\" title=\"Hidrataci\u00f3n\">Hidrataci\u00f3n<\/a><\/li><li class='ez-toc-page-1 ez-toc-heading-level-3'><a class=\"ez-toc-link ez-toc-heading-22\" href=\"https:\/\/www.farmaciamoreo.com\/blog\/cuidados-de-la-piel-despues-de-un-tratamiento-estetico\/#Fotoproteccion\" title=\"Fotoprotecci\u00f3n\">Fotoprotecci\u00f3n<\/a><\/li><li class='ez-toc-page-1 ez-toc-heading-level-3'><a class=\"ez-toc-link ez-toc-heading-23\" href=\"https:\/\/www.farmaciamoreo.com\/blog\/cuidados-de-la-piel-despues-de-un-tratamiento-estetico\/#Para_zonas_corporales_tratadas\" title=\"Para zonas corporales tratadas\">Para zonas corporales tratadas<\/a><\/li><\/ul><\/li><li class='ez-toc-page-1 ez-toc-heading-level-2'><a class=\"ez-toc-link ez-toc-heading-24\" href=\"https:\/\/www.farmaciamoreo.com\/blog\/cuidados-de-la-piel-despues-de-un-tratamiento-estetico\/#%C2%BFEn_que_podemos_ayudarte_en_Farmacia_Moreo_despues_de_un_tratamiento_dermoestetico\" title=\"\u00bfEn qu\u00e9 podemos ayudarte en Farmacia Moreo despu\u00e9s de un tratamiento dermoest\u00e9tico?\">\u00bfEn qu\u00e9 podemos ayudarte en Farmacia Moreo despu\u00e9s de un tratamiento dermoest\u00e9tico?<\/a><\/li><\/ul><\/nav><\/div>\n\n<p>La <strong>medicina est\u00e9tica ha experimentado un enorme crecimiento durante los \u00faltimos a\u00f1os<\/strong>. Cada vez son m\u00e1s las personas que recurren a tratamientos est\u00e9ticos para mejorar la calidad de la piel, corregir determinados signos del envejecimiento o, cada vez con mayor frecuencia, prevenir su aparici\u00f3n.<\/p>\n\n\n\n<p>Y este crecimiento no se limita a un \u00fanico perfil de paciente. Los <strong>tratamientos est\u00e9ticos se han extendido a pr\u00e1cticamente todas las edades<\/strong>, desde personas j\u00f3venes interesadas en el cuidado preventivo de la piel hasta pacientes de mayor edad que buscan mejorar arrugas, manchas, flacidez o p\u00e9rdida de volumen.<\/p>\n\n\n\n<p>Pero existe un aspecto que no siempre recibe la atenci\u00f3n que merece: <strong>el tratamiento no termina cuando el paciente sale de la cl\u00ednica<\/strong>. Los cuidados de la piel durante los d\u00edas y semanas posteriores pueden ser fundamentales para favorecer su recuperaci\u00f3n, minimizar determinados efectos secundarios y mantener los resultados obtenidos.<\/p>\n\n\n\n<p>Por ello, despu\u00e9s de un tratamiento est\u00e9tico podemos resumir el cuidado de la piel en tres palabras: <strong>reparar, hidratar y fotoevitar<\/strong>.<\/p>\n\n\n\n<h2 class=\"wp-block-heading\"><span class=\"ez-toc-section\" id=\"El_auge_de_los_tratamientos_esteticos\"><\/span>El auge de los tratamientos est\u00e9ticos<span class=\"ez-toc-section-end\"><\/span><\/h2>\n\n\n\n<p>Los tratamientos est\u00e9ticos, y especialmente los procedimientos m\u00ednimamente invasivos, han experimentado un crecimiento extraordinario.<\/p>\n\n\n\n<p>Seg\u00fan los datos de la <strong>International Society of Aesthetic Plastic Surgery (ISAPS)<\/strong>, en 2023 se realizaron cerca de <strong>35 millones de procedimientos est\u00e9ticos en todo el mundo<\/strong>, de los cuales m\u00e1s de <strong>19 millones correspondieron a procedimientos no quir\u00fargicos<\/strong>.<\/p>\n\n\n\n<p>Este cambio refleja una nueva forma de entender la medicina est\u00e9tica. Ya no se busca exclusivamente corregir signos evidentes del envejecimiento, sino tambi\u00e9n <strong>mejorar la calidad de la piel, mantener sus caracter\u00edsticas y prevenir determinados cambios asociados al paso del tiempo<\/strong>.<\/p>\n\n\n\n<p>Por este motivo, encontramos pacientes de edades muy diferentes. En personas j\u00f3venes ha ganado protagonismo el concepto de <strong>prejuvenecimiento o prejuvenation<\/strong>, basado en intervenciones destinadas a prevenir o retrasar determinados signos del envejecimiento. En edades m\u00e1s avanzadas, los tratamientos suelen orientarse hacia la correcci\u00f3n de arrugas, p\u00e9rdida de volumen, alteraciones pigmentarias, textura irregular o flacidez.<\/p>\n\n\n\n<h2 class=\"wp-block-heading\"><span class=\"ez-toc-section\" id=\"%C2%BFQue_ocurre_en_la_piel_despues_de_un_tratamiento_estetico\"><\/span>\u00bfQu\u00e9 ocurre en la piel despu\u00e9s de un tratamiento est\u00e9tico?<span class=\"ez-toc-section-end\"><\/span><\/h2>\n\n\n\n<p>Muchos procedimientos dermoest\u00e9ticos producen de forma intencionada una <strong>alteraci\u00f3n controlada de determinadas estructuras cut\u00e1neas<\/strong> con el objetivo de desencadenar procesos de renovaci\u00f3n, reparaci\u00f3n o remodelaci\u00f3n.<\/p>\n\n\n\n<p>Dependiendo de la t\u00e9cnica y de su intensidad, durante las primeras horas o d\u00edas pueden aparecer:<\/p>\n\n\n\n<ul class=\"wp-block-list\">\n<li>Eritema o enrojecimiento.<\/li>\n\n\n\n<li>Edema.<\/li>\n\n\n\n<li>Sensaci\u00f3n de calor.<\/li>\n\n\n\n<li>Tirantez.<\/li>\n\n\n\n<li>Sequedad.<\/li>\n\n\n\n<li>Descamaci\u00f3n.<\/li>\n\n\n\n<li>Mayor sensibilidad cut\u00e1nea.<\/li>\n\n\n\n<li>Aumento de la <strong>p\u00e9rdida transepid\u00e9rmica de agua (TEWL)<\/strong>.<\/li>\n<\/ul>\n\n\n\n<p>La alteraci\u00f3n temporal de la barrera cut\u00e1nea puede hacer que la piel sea <strong>m\u00e1s vulnerable frente a factores externos y determinados cosm\u00e9ticos potencialmente irritantes<\/strong>.<\/p>\n\n\n\n<p>Por ello, durante esta fase debemos simplificar la rutina cosm\u00e9tica y concentrarnos en tres objetivos fundamentales.<\/p>\n\n\n\n<h2 class=\"wp-block-heading\"><span class=\"ez-toc-section\" id=\"El_protocolo_post_tratamiento_estetico_REPARAR_HIDRATAR_FOTOEVITAR\"><\/span>El protocolo post tratamiento est\u00e9tico: REPARAR + HIDRATAR + FOTOEVITAR<span class=\"ez-toc-section-end\"><\/span><\/h2>\n\n\n\n<p>Podemos resumir una buena estrategia de <strong>cuidados despu\u00e9s de un tratamiento est\u00e9tico<\/strong> en tres pilares:<\/p>\n\n\n\n<p><strong>1. REPARAR la barrera cut\u00e1nea.<\/strong><\/p>\n\n\n\n<p><strong>2. HIDRATAR y recuperar el contenido de agua de la piel.<\/strong><\/p>\n\n\n\n<p><strong>3. FOTOEVITAR para reducir al m\u00e1ximo la exposici\u00f3n de una piel especialmente vulnerable a la radiaci\u00f3n solar.<\/strong><\/p>\n\n\n\n<p>Estos tres pasos constituyen la base sobre la que podemos construir una rutina cosm\u00e9tica postprocedimiento, siempre adapt\u00e1ndola al tratamiento realizado y al estado de la piel.<\/p>\n\n\n\n<h3 class=\"wp-block-heading\"><span class=\"ez-toc-section\" id=\"PASO_1_REPARAR_recuperar_la_barrera_cutanea\"><\/span>PASO 1. REPARAR: recuperar la barrera cut\u00e1nea<span class=\"ez-toc-section-end\"><\/span><\/h3>\n\n\n\n<p>La barrera cut\u00e1nea es nuestra primera l\u00ednea de defensa frente al exterior.<\/p>\n\n\n\n<p>Tras determinados tratamientos est\u00e9ticos puede producirse una <strong>disrupci\u00f3n temporal de esta barrera<\/strong>, acompa\u00f1ada de inflamaci\u00f3n y un incremento de la p\u00e9rdida de agua. Por ello, durante los primeros d\u00edas el objetivo debe ser <strong>favorecer la reparaci\u00f3n cut\u00e1nea, disminuir la p\u00e9rdida transepid\u00e9rmica de agua y calmar la piel<\/strong>.<\/p>\n\n\n\n<p>Aqu\u00ed adquiere especial importancia la elecci\u00f3n de los activos cosm\u00e9ticos.<\/p>\n\n\n\n<h4 class=\"wp-block-heading\"><span class=\"ez-toc-section\" id=\"Ceramidas_reconstruir_los_lipidos_de_la_barrera\"><\/span>Ceramidas: reconstruir los l\u00edpidos de la barrera<span class=\"ez-toc-section-end\"><\/span><\/h4>\n\n\n\n<p>Las <strong>ceramidas<\/strong> constituyen, junto con el colesterol y los \u00e1cidos grasos libres, una parte fundamental de los l\u00edpidos del estrato c\u00f3rneo.<\/p>\n\n\n\n<p>Cuando la barrera cut\u00e1nea se encuentra alterada, aportar estos l\u00edpidos mediante productos cosm\u00e9ticos puede ayudar a <strong>restaurar la organizaci\u00f3n lip\u00eddica del estrato c\u00f3rneo y reducir la p\u00e9rdida transepid\u00e9rmica de agua<\/strong>.<\/p>\n\n\n\n<p>Por ello, las ceramidas son uno de los activos m\u00e1s interesantes dentro de una <strong>crema reparadora despu\u00e9s de un tratamiento est\u00e9tico<\/strong>.<\/p>\n\n\n\n<h4 class=\"wp-block-heading\"><span class=\"ez-toc-section\" id=\"Niacinamida_barrera_inflamacion_y_pigmentacion\"><\/span>Niacinamida: barrera, inflamaci\u00f3n y pigmentaci\u00f3n<span class=\"ez-toc-section-end\"><\/span><\/h4>\n\n\n\n<p>La <strong>niacinamida o vitamina B3<\/strong> es uno de los activos cosm\u00e9ticos m\u00e1s vers\u00e1tiles.<\/p>\n\n\n\n<p>Puede favorecer la s\u00edntesis de <strong>ceramidas y otros l\u00edpidos epid\u00e9rmicos<\/strong>, contribuyendo al mantenimiento de la funci\u00f3n barrera y a la reducci\u00f3n de la p\u00e9rdida de agua.<\/p>\n\n\n\n<p>Adem\u00e1s, presenta propiedades <strong>antiinflamatorias y antioxidantes<\/strong> y puede interferir en la transferencia de melanosomas hacia los queratinocitos, lo que explica su inter\u00e9s cosm\u00e9tico en determinadas alteraciones pigmentarias y en la <strong>hiperpigmentaci\u00f3n postinflamatoria<\/strong>.<\/p>\n\n\n\n<h4 class=\"wp-block-heading\"><span class=\"ez-toc-section\" id=\"Pantenol_hidratacion_y_efecto_calmante\"><\/span>Pantenol: hidrataci\u00f3n y efecto calmante<span class=\"ez-toc-section-end\"><\/span><\/h4>\n\n\n\n<p>El <strong>pantenol o provitamina B5<\/strong> combina propiedades hidratantes, reparadoras y calmantes.<\/p>\n\n\n\n<p>Act\u00faa como humectante, ayudando a mejorar el contenido de agua del estrato c\u00f3rneo, y puede contribuir a <strong>disminuir la sensaci\u00f3n de irritaci\u00f3n, tirantez y enrojecimiento<\/strong>.<\/p>\n\n\n\n<p>Esta combinaci\u00f3n de buena tolerancia e hidrataci\u00f3n lo convierte en un activo especialmente interesante para una piel temporalmente sensibilizada.<\/p>\n\n\n\n<h4 class=\"wp-block-heading\"><span class=\"ez-toc-section\" id=\"Centella_asiatica_favorecer_la_recuperacion_cutanea\"><\/span>Centella asi\u00e1tica: favorecer la recuperaci\u00f3n cut\u00e1nea<span class=\"ez-toc-section-end\"><\/span><\/h4>\n\n\n\n<p>La <strong>Centella asiatica<\/strong> contiene diferentes compuestos bioactivos, entre ellos triterpenos como el asiatic\u00f3sido, el \u00e1cido asi\u00e1tico y el \u00e1cido madec\u00e1sico.<\/p>\n\n\n\n<p>Estos compuestos se han relacionado con propiedades <strong>antiinflamatorias, antioxidantes y reparadoras<\/strong>, por lo que la centella se utiliza habitualmente en formulaciones destinadas a favorecer la recuperaci\u00f3n de pieles alteradas.<\/p>\n\n\n\n<h4 class=\"wp-block-heading\"><span class=\"ez-toc-section\" id=\"Aceite_de_rosa_mosqueta_lipidos_y_accion_antioxidante\"><\/span>Aceite de rosa mosqueta: l\u00edpidos y acci\u00f3n antioxidante<span class=\"ez-toc-section-end\"><\/span><\/h4>\n\n\n\n<p>El <strong>aceite de rosa mosqueta<\/strong> aporta \u00e1cidos grasos y diferentes componentes antioxidantes.<\/p>\n\n\n\n<p>Puede contribuir a mejorar la funci\u00f3n barrera y complementar las estrategias cosm\u00e9ticas destinadas a mantener la flexibilidad y recuperaci\u00f3n de la piel.<\/p>\n\n\n\n<h4 class=\"wp-block-heading\"><span class=\"ez-toc-section\" id=\"Vitamina_E_defensa_frente_al_estres_oxidativo\"><\/span>Vitamina E: defensa frente al estr\u00e9s oxidativo<span class=\"ez-toc-section-end\"><\/span><\/h4>\n\n\n\n<p>La <strong>vitamina E o tocoferol<\/strong> es un antioxidante liposoluble que ayuda a limitar los procesos de oxidaci\u00f3n de los l\u00edpidos celulares.<\/p>\n\n\n\n<p>Su incorporaci\u00f3n a determinados productos reparadores puede contribuir a reforzar la <strong>protecci\u00f3n antioxidante de la piel<\/strong> durante el proceso de recuperaci\u00f3n.<\/p>\n\n\n\n<h3 class=\"wp-block-heading\"><span class=\"ez-toc-section\" id=\"PASO_2_HIDRATAR_recuperar_y_retener_el_agua\"><\/span>PASO 2. HIDRATAR: recuperar y retener el agua<span class=\"ez-toc-section-end\"><\/span><\/h3>\n\n\n\n<p>Reparar e hidratar son procesos estrechamente relacionados, pero no exactamente iguales.<\/p>\n\n\n\n<p>Una vez recuperada la integridad b\u00e1sica de la barrera cut\u00e1nea, debemos conseguir que la piel mantenga un <strong>contenido adecuado de agua en el estrato c\u00f3rneo<\/strong>.<\/p>\n\n\n\n<p>Durante las semanas posteriores al tratamiento, una hidrataci\u00f3n adecuada puede contribuir a mejorar <strong>confort, suavidad, elasticidad, textura y luminosidad<\/strong>.<\/p>\n\n\n\n<p>Para ello disponemos de diferentes activos.<\/p>\n\n\n\n<h4 class=\"wp-block-heading\"><span class=\"ez-toc-section\" id=\"Acido_hialuronico_captar_y_retener_agua\"><\/span>\u00c1cido hialur\u00f3nico: captar y retener agua<span class=\"ez-toc-section-end\"><\/span><\/h4>\n\n\n\n<p>El <strong>\u00e1cido hialur\u00f3nico<\/strong> presenta una elevada capacidad para interaccionar con el agua.<\/p>\n\n\n\n<p>Aplicado t\u00f3picamente mediante formulaciones adecuadas, contribuye a mejorar la hidrataci\u00f3n superficial y proporcionar una <strong>sensaci\u00f3n de mayor suavidad y confort cut\u00e1neo<\/strong>.<\/p>\n\n\n\n<h4 class=\"wp-block-heading\"><span class=\"ez-toc-section\" id=\"Glicerina_uno_de_los_grandes_humectantes\"><\/span>Glicerina: uno de los grandes humectantes<span class=\"ez-toc-section-end\"><\/span><\/h4>\n\n\n\n<p>La <strong>glicerina<\/strong> es uno de los humectantes m\u00e1s utilizados en dermocosm\u00e9tica.<\/p>\n\n\n\n<p>Su mecanismo de acci\u00f3n se basa principalmente en su capacidad para <strong>atraer y retener agua en el estrato c\u00f3rneo<\/strong>, ayudando a mantener una hidrataci\u00f3n adecuada.<\/p>\n\n\n\n<h4 class=\"wp-block-heading\"><span class=\"ez-toc-section\" id=\"Pantenol_y_ceramidas_hidratacion_y_barrera\"><\/span>Pantenol y ceramidas: hidrataci\u00f3n y barrera<span class=\"ez-toc-section-end\"><\/span><\/h4>\n\n\n\n<p>El pantenol vuelve a resultar interesante por su capacidad humectante, mientras que las ceramidas ayudan a <strong>reducir la p\u00e9rdida de agua hacia el exterior<\/strong>.<\/p>\n\n\n\n<p>Es una combinaci\u00f3n especialmente l\u00f3gica: aportar agua y humectantes, pero al mismo tiempo <strong>mejorar la capacidad de la barrera para conservarla<\/strong>.<\/p>\n\n\n\n<p>Durante esta etapa tambi\u00e9n conviene priorizar f\u00f3rmulas sencillas y con <strong>excelente tolerancia cut\u00e1nea<\/strong>, evitando especialmente durante los primeros d\u00edas perfumes, alcoholes potencialmente irritantes y activos que puedan sensibilizar una piel todav\u00eda vulnerable.<\/p>\n\n\n\n<h3 class=\"wp-block-heading\"><span class=\"ez-toc-section\" id=\"PASO_3_FOTOEVITAR_mucho_mas_que_utilizar_protector_solar\"><\/span>PASO 3. FOTOEVITAR: mucho m\u00e1s que utilizar protector solar<span class=\"ez-toc-section-end\"><\/span><\/h3>\n\n\n\n<p>Probablemente uno de los conceptos m\u00e1s importantes despu\u00e9s de determinados tratamientos est\u00e9ticos sea la <strong>fotoevitaci\u00f3n<\/strong>.<\/p>\n\n\n\n<p>Y hablamos de fotoevitaci\u00f3n y no \u00fanicamente de fotoprotecci\u00f3n porque <strong>utilizar un protector solar es fundamental, pero no siempre es suficiente<\/strong>.<\/p>\n\n\n\n<p>La fotoevitaci\u00f3n engloba todas aquellas estrategias destinadas a minimizar la exposici\u00f3n de la piel reci\u00e9n tratada a la radiaci\u00f3n solar.<\/p>\n\n\n\n<h4 class=\"wp-block-heading\"><span class=\"ez-toc-section\" id=\"%C2%BFComo_proteger_la_piel_despues_de_un_tratamiento_estetico\"><\/span>\u00bfC\u00f3mo proteger la piel despu\u00e9s de un tratamiento est\u00e9tico?<span class=\"ez-toc-section-end\"><\/span><\/h4>\n\n\n\n<p>Las medidas deben adaptarse siempre al procedimiento realizado, pero pueden incluir:<\/p>\n\n\n\n<ul class=\"wp-block-list\">\n<li>Evitar la exposici\u00f3n solar directa.<\/li>\n\n\n\n<li>Buscar la sombra.<\/li>\n\n\n\n<li>Evitar las horas centrales del d\u00eda y los periodos de m\u00e1xima radiaci\u00f3n.<\/li>\n\n\n\n<li>Utilizar sombrero de ala ancha.<\/li>\n\n\n\n<li>Utilizar gafas de sol.<\/li>\n\n\n\n<li>Emplear ropa con capacidad fotoprotectora cuando sea necesario.<\/li>\n\n\n\n<li>Evitar el bronceado antes y entre determinados procedimientos.<\/li>\n\n\n\n<li>Utilizar barreras f\u00edsicas o ap\u00f3sitos cuando la piel permanezca abierta y as\u00ed lo indique el profesional.<\/li>\n\n\n\n<li>Aplicar un <strong>protector solar de amplio espectro frente a UVB y UVA<\/strong>, preferiblemente con <strong>SPF 50 o SPF 50+<\/strong>, cuando est\u00e9 indicado sobre la zona tratada.<\/li>\n\n\n\n<li>Reaplicar adecuadamente el protector cuando exista exposici\u00f3n prolongada.<\/li>\n<\/ul>\n\n\n\n<p>En determinadas situaciones tambi\u00e9n pueden resultar interesantes los <strong>maquillajes con SPF 50+<\/strong>, ya que permiten combinar fotoprotecci\u00f3n y camuflaje de algunas alteraciones transitorias como el enrojecimiento.<\/p>\n\n\n\n<p>La educaci\u00f3n del paciente es fundamental. La protecci\u00f3n debe mantenerse tambi\u00e9n en <strong>d\u00edas nublados<\/strong> y debe valorarse la exposici\u00f3n que puede producirse en interiores cuando existe proximidad a ventanas y entrada significativa de radiaci\u00f3n solar.<\/p>\n\n\n\n<h3 class=\"wp-block-heading\"><span class=\"ez-toc-section\" id=\"%C2%BFQue_cosmeticos_debemos_evitar_despues_de_un_tratamiento_estetico\"><\/span>\u00bfQu\u00e9 cosm\u00e9ticos debemos evitar despu\u00e9s de un tratamiento est\u00e9tico?<span class=\"ez-toc-section-end\"><\/span><\/h3>\n\n\n\n<p>Despu\u00e9s de determinados procedimientos, <strong>m\u00e1s cosm\u00e9tica no significa necesariamente una mejor recuperaci\u00f3n<\/strong>.<\/p>\n\n\n\n<p>Durante los primeros d\u00edas puede ser conveniente suspender temporalmente activos potencialmente irritantes como <strong>retinoides, alfa-hidroxi\u00e1cidos (AHA), beta-hidroxi\u00e1cidos (BHA), exfoliantes f\u00edsicos o determinadas concentraciones de otros activos intensivos<\/strong>, hasta que la piel haya recuperado adecuadamente su funci\u00f3n barrera.<\/p>\n\n\n\n<p>El momento de reintroducirlos depender\u00e1 fundamentalmente del procedimiento realizado y de las indicaciones del profesional responsable.<\/p>\n\n\n\n<p>La prioridad inicial debe ser mucho m\u00e1s sencilla:<\/p>\n\n\n\n<p><strong>reparar + hidratar + fotoevitar.<\/strong><\/p>\n\n\n\n<h2 class=\"wp-block-heading\"><span class=\"ez-toc-section\" id=\"Ejemplo_de_rutina_cosmetica_tras_un_procedimiento_dermoestetico\"><\/span>Ejemplo de rutina cosm\u00e9tica tras un procedimiento dermoest\u00e9tico<span class=\"ez-toc-section-end\"><\/span><\/h2>\n\n\n\n<h3 class=\"wp-block-heading\"><span class=\"ez-toc-section\" id=\"Limpieza\"><\/span>Limpieza<span class=\"ez-toc-section-end\"><\/span><\/h3>\n\n\n\n<p>Una vez que la piel est\u00e9 cerrada, <strong>a partir del segundo d\u00eda y siempre que el profesional no haya indicado lo contrario<\/strong>, podemos incorporar un <strong>limpiador suave, preferiblemente tipo syndet y sin perfume<\/strong>. Tambi\u00e9n puede ser una opci\u00f3n interesante un <strong>jab\u00f3n o pastilla dermatol\u00f3gica con aceite ozonizado<\/strong>, especialmente si est\u00e1 formulado para pieles sensibles y respeta la barrera cut\u00e1nea. El objetivo es mantener una higiene adecuada <strong>sin fricci\u00f3n y sin utilizar tensioactivos agresivos<\/strong> que puedan aumentar la irritaci\u00f3n o comprometer la recuperaci\u00f3n de la piel.<\/p>\n\n\n\n<p class=\"has-text-align-center\"><strong><a href=\"https:\/\/www.farmaciamoreo.com\/higiene-facial\/4033-the-lab-syndet-espumoso-limpiador-1-envase-150-ml.html\" target=\"_blank\" rel=\"noreferrer noopener\">THE LAB SYNDET ESPUMOSO LIMPIADOR 150ML<\/a><\/strong><\/p>\n\n\n\n<figure class=\"wp-block-image aligncenter size-full\"><img loading=\"lazy\" decoding=\"async\" width=\"148\" height=\"372\" src=\"https:\/\/www.farmaciamoreo.com\/blog\/wp-content\/uploads\/2026\/08\/image-15.png\" alt=\"\" class=\"wp-image-2471\" srcset=\"https:\/\/www.farmaciamoreo.com\/blog\/wp-content\/uploads\/2026\/08\/image-15.png 148w, https:\/\/www.farmaciamoreo.com\/blog\/wp-content\/uploads\/2026\/08\/image-15-119x300.png 119w\" sizes=\"auto, (max-width: 148px) 100vw, 148px\" \/><\/figure>\n\n\n\n<p><strong>The Lab Syndet Espumoso Limpiador<\/strong> es un limpiador facial <strong>sin jab\u00f3n y sin perfume<\/strong>, formulado con bases lavantes suaves y activos como <strong>pantenol, glicerina y biosac\u00e1ridos<\/strong>, que ayudan a mantener la hidrataci\u00f3n y el confort de la piel. Por sus caracter\u00edsticas, puede resultar especialmente interesante <strong>a partir del segundo d\u00eda despu\u00e9s de un tratamiento dermoest\u00e9tico, una vez que la piel est\u00e9 cerrada y siempre que el profesional no haya indicado lo contrario<\/strong>.<\/p>\n\n\n\n<p>Se aplica una peque\u00f1a cantidad sobre el rostro humedecido, <strong>masajeando suavemente y sin friccionar<\/strong>, y se aclara con agua tibia. Despu\u00e9s, conviene secar la piel mediante peque\u00f1os toques. <\/p>\n\n\n\n<p><strong>Lo mejor:<\/strong> permite recuperar la higiene diaria de forma suave, respetando una <strong>barrera cut\u00e1nea todav\u00eda sensibilizada y en proceso de recuperaci\u00f3n<\/strong>.<\/p>\n\n\n\n<p class=\"has-text-align-center\"><br><strong><a href=\"https:\/\/www.farmaciamoreo.com\/higiene-facial\/5443-jabon-ozonizado-dermohigiene-the-lab-100-g.html\" target=\"_blank\" rel=\"noreferrer noopener\">JABON OZONIZADO DERMOHIGIENE THE LAB 100 G<\/a><\/strong><\/p>\n\n\n\n<p class=\"has-text-align-center\"><\/p>\n\n\n\n<figure class=\"wp-block-image aligncenter size-full\"><img loading=\"lazy\" decoding=\"async\" width=\"336\" height=\"234\" src=\"https:\/\/www.farmaciamoreo.com\/blog\/wp-content\/uploads\/2026\/08\/image-16.png\" alt=\"\" class=\"wp-image-2472\" srcset=\"https:\/\/www.farmaciamoreo.com\/blog\/wp-content\/uploads\/2026\/08\/image-16.png 336w, https:\/\/www.farmaciamoreo.com\/blog\/wp-content\/uploads\/2026\/08\/image-16-300x209.png 300w\" sizes=\"auto, (max-width: 336px) 100vw, 336px\" \/><\/figure>\n\n\n\n<p>El <strong>Jab\u00f3n Ozonizado Dermohigiene The Lab<\/strong> es un jab\u00f3n s\u00f3lido elaborado con <strong>aceite de oliva virgen extra y aceite de coco ecol\u00f3gicos ozonizados<\/strong>, adem\u00e1s de vitamina E. Puede resultar interesante para una <strong>higiene suave de la piel durante el proceso de recuperaci\u00f3n<\/strong>, gracias al car\u00e1cter emoliente de sus aceites y al aporte del aceite ozonizado. En el contexto de un tratamiento dermoest\u00e9tico, lo utilizar\u00edamos <strong>a partir del segundo d\u00eda y \u00fanicamente cuando la piel est\u00e9 cerrada<\/strong>, siempre que el profesional no haya indicado lo contrario.<\/p>\n\n\n\n<p>Para utilizarlo, se recomienda <strong>generar primero la espuma entre las manos y aplicarla suavemente sobre la piel, sin frotar<\/strong>, para despu\u00e9s aclarar con agua tibia y secar mediante peque\u00f1os toques. Al contener <strong>aceites esenciales de naranja y geranio<\/strong>, conviene valorar especialmente su tolerancia en una piel reci\u00e9n tratada o muy reactiva. <\/p>\n\n\n\n<p><strong>Lo mejor:<\/strong> combina la higiene con el aporte emoliente de los <strong>aceites vegetales ozonizados<\/strong>, ayudando a mantener la piel limpia y confortable durante su recuperaci\u00f3n.<\/p>\n\n\n\n<h3 class=\"wp-block-heading\"><span class=\"ez-toc-section\" id=\"Reparar\"><\/span>Reparar<span class=\"ez-toc-section-end\"><\/span><\/h3>\n\n\n\n<p>Favorecer la <strong>reepitelizaci\u00f3n y la restauraci\u00f3n de la barrera cut\u00e1nea<\/strong> desde las primeras horas tras el procedimiento, siempre siguiendo las indicaciones del profesional que lo haya realizado, ayudando a recuperar la integridad y la funci\u00f3n protectora de la piel.<\/p>\n\n\n\n<p class=\"has-text-align-center\"><strong><a href=\"https:\/\/www.farmaciamoreo.com\/hidratacion-corporal\/4738-cicaplast-gel-b5-acelerador-de-la-reparacion.html\" target=\"_blank\" rel=\"noreferrer noopener\">CICAPLAST GEL B5 ACELERADOR DE LA REPARACI\u00d3N EPIDERMICA 40ML<\/a><\/strong><\/p>\n\n\n\n<figure class=\"wp-block-image aligncenter size-full\"><img loading=\"lazy\" decoding=\"async\" width=\"152\" height=\"392\" src=\"https:\/\/www.farmaciamoreo.com\/blog\/wp-content\/uploads\/2026\/08\/image-17.png\" alt=\"\" class=\"wp-image-2475\" srcset=\"https:\/\/www.farmaciamoreo.com\/blog\/wp-content\/uploads\/2026\/08\/image-17.png 152w, https:\/\/www.farmaciamoreo.com\/blog\/wp-content\/uploads\/2026\/08\/image-17-116x300.png 116w\" sizes=\"auto, (max-width: 152px) 100vw, 152px\" \/><\/figure>\n\n\n\n<p><strong>Cicaplast Gel B5 de La Roche-Posay<\/strong> es un gel pensado para <strong>favorecer la recuperaci\u00f3n de la barrera cut\u00e1nea una vez que la piel est\u00e9 cerrada<\/strong>. Su f\u00f3rmula combina <strong>madecassoside, pantenol al 5 % y un complejo de cobre, zinc y manganeso<\/strong>, junto con una textura siliconada que crea una pel\u00edcula protectora sobre la superficie de la piel. Por estas caracter\u00edsticas, puede resultar especialmente interesante durante la fase de <strong>REPARAR<\/strong> despu\u00e9s de determinados tratamientos dermoest\u00e9ticos.<\/p>\n\n\n\n<p>Se aplica una peque\u00f1a cantidad sobre la <strong>piel limpia, seca y cerrada<\/strong>, una o dos veces al d\u00eda, extendi\u00e9ndola suavemente y sin realizar fricci\u00f3n intensa sobre una zona reci\u00e9n tratada. <strong>No debe aplicarse sobre heridas abiertas<\/strong> y siempre deben respetarse las indicaciones del profesional que haya realizado el procedimiento. <\/p>\n\n\n\n<p><strong>Lo mejor:<\/strong> su combinaci\u00f3n de <strong>pantenol, madecassoside y textura siliconada<\/strong>, que ayuda a proteger, calmar y acompa\u00f1ar la recuperaci\u00f3n de una barrera cut\u00e1nea temporalmente alterada.<\/p>\n\n\n\n<h3 class=\"wp-block-heading\"><span class=\"ez-toc-section\" id=\"Hidratacion\"><\/span>Hidrataci\u00f3n<span class=\"ez-toc-section-end\"><\/span><\/h3>\n\n\n\n<p class=\"has-text-align-center\"><strong><a href=\"https:\/\/www.farmaciamoreo.com\/cremas-farmacia-serums\/8965-hyalu-b5-serum-50ml-la-roche-posay.html\" target=\"_blank\" rel=\"noreferrer noopener\">HYALU B5 SERUM 50ML LA ROCHE-POSAY<\/a><\/strong><\/p>\n\n\n\n<figure class=\"wp-block-image aligncenter size-full\"><img loading=\"lazy\" decoding=\"async\" width=\"177\" height=\"510\" src=\"https:\/\/www.farmaciamoreo.com\/blog\/wp-content\/uploads\/2026\/08\/image-18.png\" alt=\"\" class=\"wp-image-2476\" srcset=\"https:\/\/www.farmaciamoreo.com\/blog\/wp-content\/uploads\/2026\/08\/image-18.png 177w, https:\/\/www.farmaciamoreo.com\/blog\/wp-content\/uploads\/2026\/08\/image-18-104x300.png 104w\" sizes=\"auto, (max-width: 177px) 100vw, 177px\" \/><\/figure>\n\n\n\n<p><strong>Hyalu B5 Suractivated Serum de La Roche-Posay<\/strong> puede resultar especialmente interesante en la fase de <strong>HIDRATAR<\/strong> despu\u00e9s de determinados tratamientos dermoest\u00e9ticos, una vez que la piel est\u00e9 cerrada y siempre siguiendo las indicaciones del profesional. Combina <strong>\u00e1cido hialur\u00f3nico de 4 diferentes pesos moleculares, vitamina B5 y madecassoside<\/strong>, proporcionando hidrataci\u00f3n y confort a una piel temporalmente sensibilizada y ayudando a mantener una correcta funci\u00f3n barrera.<\/p>\n\n\n\n<p>Adem\u00e1s, ofrece una interesante <strong>doble funci\u00f3n como s\u00e9rum antienvejecimiento<\/strong>: el \u00e1cido hialur\u00f3nico contribuye a mejorar la hidrataci\u00f3n, suavidad y apariencia de <strong>l\u00edneas de expresi\u00f3n y arrugas<\/strong>, mientras que el madecassoside y la vitamina B5 complementan el cuidado de la piel. Se pueden aplicar <strong>3-4 gotas por la ma\u00f1ana y\/o por la noche<\/strong>, antes de la crema hidratante. <\/p>\n\n\n\n<p><strong>Lo mejor:<\/strong> permite combinar en un mismo producto la <strong>hidrataci\u00f3n y recuperaci\u00f3n postprocedimiento con el cuidado antiedad<\/strong>, evitando sobrecargar la rutina con demasiados cosm\u00e9ticos.<\/p>\n\n\n\n<h3 class=\"wp-block-heading\"><span class=\"ez-toc-section\" id=\"Fotoproteccion\"><\/span>Fotoprotecci\u00f3n<span class=\"ez-toc-section-end\"><\/span><\/h3>\n\n\n\n<p class=\"has-text-align-center\"><strong><a href=\"https:\/\/www.farmaciamoreo.com\/facial\/5475-lumium-daily-ak-spf-50-galenicum-derma-1-bote-50-ml.html\" target=\"_blank\" rel=\"noreferrer noopener\">LUMIUM DAILY AK SPF 50+ GALENICUM DERMA 50 ML<\/a><\/strong><\/p>\n\n\n\n<figure class=\"wp-block-image aligncenter size-full\"><img loading=\"lazy\" decoding=\"async\" width=\"279\" height=\"381\" src=\"https:\/\/www.farmaciamoreo.com\/blog\/wp-content\/uploads\/2026\/08\/image-19.png\" alt=\"\" class=\"wp-image-2478\" srcset=\"https:\/\/www.farmaciamoreo.com\/blog\/wp-content\/uploads\/2026\/08\/image-19.png 279w, https:\/\/www.farmaciamoreo.com\/blog\/wp-content\/uploads\/2026\/08\/image-19-220x300.png 220w\" sizes=\"auto, (max-width: 279px) 100vw, 279px\" \/><\/figure>\n\n\n\n<p><strong>Lumium Daily AK SPF 50+ de Galenicum Derma<\/strong> es un fotoprotector especialmente interesante dentro de la fase de <strong>FOTOEVITAR<\/strong> despu\u00e9s de determinados tratamientos dermoest\u00e9ticos, cuando el profesional ya permita aplicar fotoprotecci\u00f3n sobre la zona. Ofrece <strong>alta protecci\u00f3n SPF 50+ frente a UVB y UVA<\/strong>, junto con protecci\u00f3n frente a otras radiaciones, y combina <strong>fotoliasa, Solastemis\u2122, niacinamida al 5 %, \u00e1cido hialur\u00f3nico y vitamina E<\/strong>. Esta composici\u00f3n permite complementar la fotoprotecci\u00f3n con una acci\u00f3n <strong>antioxidante, hidratante y de apoyo a los mecanismos de reparaci\u00f3n frente al da\u00f1o solar<\/strong>, algo especialmente relevante en una piel temporalmente vulnerable.<\/p>\n\n\n\n<p>Se aplica por la ma\u00f1ana en <strong>cantidad suficiente y de manera uniforme<\/strong>, evitando la fricci\u00f3n sobre la zona tratada, y debe reaplicarse cuando sea necesario. Su f\u00f3rmula <strong>sin perfume, apta para piel sensible, no comedog\u00e9nica y de r\u00e1pida absorci\u00f3n<\/strong> facilita su incorporaci\u00f3n a la rutina diaria. <\/p>\n\n\n\n<p><strong>Lo mejor:<\/strong> combina <strong>fotoprotecci\u00f3n SPF 50+ con activos antioxidantes, hidratantes y orientados a la reparaci\u00f3n del da\u00f1o inducido por la radiaci\u00f3n<\/strong>, convirti\u00e9ndolo en una opci\u00f3n muy completa dentro de la estrategia de <strong>fotoevitaci\u00f3n postprocedimiento<\/strong>.<\/p>\n\n\n\n<h3 class=\"wp-block-heading\"><span class=\"ez-toc-section\" id=\"Para_zonas_corporales_tratadas\"><\/span>Para zonas corporales tratadas<span class=\"ez-toc-section-end\"><\/span><\/h3>\n\n\n\n<p class=\"has-text-align-center\"><br><strong><a href=\"https:\/\/www.farmaciamoreo.com\/hidratacion-corporal\/2607-cicaplast-baume-b5-spf-50-la-roche-posay-30-ml.html\" target=\"_blank\" rel=\"noreferrer noopener\">CICAPLAST BAUME B5 SPF 50+ LA ROCHE POSAY 30 M<\/a><\/strong><\/p>\n\n\n\n<figure class=\"wp-block-image aligncenter size-full\"><img loading=\"lazy\" decoding=\"async\" width=\"215\" height=\"462\" src=\"https:\/\/www.farmaciamoreo.com\/blog\/wp-content\/uploads\/2026\/08\/image-21.png\" alt=\"\" class=\"wp-image-2480\" srcset=\"https:\/\/www.farmaciamoreo.com\/blog\/wp-content\/uploads\/2026\/08\/image-21.png 215w, https:\/\/www.farmaciamoreo.com\/blog\/wp-content\/uploads\/2026\/08\/image-21-140x300.png 140w\" sizes=\"auto, (max-width: 215px) 100vw, 215px\" \/><\/figure>\n\n\n\n<p><strong>Cicaplast Baume B5+ SPF 50 de La Roche-Posay<\/strong> puede ser una opci\u00f3n especialmente pr\u00e1ctica cuando el <strong>tratamiento dermoest\u00e9tico se ha realizado en una zona corporal<\/strong>, ya que re\u00fane en un mismo producto los tres pilares del cuidado postprocedimiento: <strong>REPARAR + HIDRATAR + FOTOPROTEGER<\/strong>. Su f\u00f3rmula con <strong>pantenol al 5 %, madecassoside y agentes emolientes<\/strong> ayuda a calmar, hidratar y favorecer la recuperaci\u00f3n de la barrera cut\u00e1nea, mientras que su <strong>SPF 50 y alta protecci\u00f3n UVA<\/strong> ayudan a proteger una piel especialmente vulnerable frente a la radiaci\u00f3n solar.<\/p>\n\n\n\n<p>Se aplica sobre la <strong>piel limpia, seca y cerrada<\/strong>, una vez que el profesional permita utilizar cosm\u00e9ticos y fotoprotecci\u00f3n en la zona tratada. Conviene extender una cantidad suficiente y <strong>sin friccionar<\/strong>, reaplicando la protecci\u00f3n solar cuando sea necesario. No debe utilizarse sobre heridas abiertas. <\/p>\n\n\n\n<p><strong>Lo mejor:<\/strong> su funci\u00f3n <strong>todo en uno<\/strong>, que permite <strong>reparar, hidratar y fotoproteger<\/strong> la zona corporal tratada con un \u00fanico producto, simplificando considerablemente la rutina postprocedimiento.<\/p>\n\n\n\n<h2 class=\"wp-block-heading\"><span class=\"ez-toc-section\" id=\"%C2%BFEn_que_podemos_ayudarte_en_Farmacia_Moreo_despues_de_un_tratamiento_dermoestetico\"><\/span>\u00bfEn qu\u00e9 podemos ayudarte en Farmacia Moreo despu\u00e9s de un tratamiento dermoest\u00e9tico?<span class=\"ez-toc-section-end\"><\/span><\/h2>\n\n\n\n<p>El crecimiento de la medicina est\u00e9tica abre tambi\u00e9n un nuevo espacio para el <strong>consejo dermofarmac\u00e9utico<\/strong>.<\/p>\n\n\n\n<p>El Farmacia Moreo podemos ayudarte a seleccionar una rutina cosm\u00e9tica adecuada, explicar c\u00f3mo utilizar los productos, identificar ingredientes potencialmente irritantes y realizar un seguimiento de la evoluci\u00f3n de la piel.<\/p>\n\n\n\n<p>Tambi\u00e9n podemos detectar determinadas <strong>se\u00f1ales de alarma<\/strong> \u2014como dolor intenso o progresivo, inflamaci\u00f3n excesiva, signos compatibles con infecci\u00f3n, alteraciones importantes de la coloraci\u00f3n o una evoluci\u00f3n inesperada\u2014 ante las que debe recomendarse contactar con el profesional que realiz\u00f3 el procedimiento o realizar la correspondiente derivaci\u00f3n m\u00e9dica.<\/p>\n\n\n\n<p>La cosm\u00e9tica no sustituye al tratamiento ni a las recomendaciones del profesional sanitario, sino que <strong>acompa\u00f1a a la piel durante su proceso de recuperaci\u00f3n<\/strong>.<\/p>\n\n\n\n<p>\ud83d\udcde\u200b <a href=\"tel:976333578\" target=\"_blank\" rel=\"noreferrer noopener nofollow\">976 33 35 78<\/a><\/p>\n\n\n\n<p>\ud83d\udce7\u200b <a href=\"mailto:info@farmaciamoreo.com\" target=\"_blank\" rel=\"noreferrer noopener nofollow\">info@farmaciamoreo.com<\/a><\/p>\n\n\n\n<p>WhatsApp: 682 203 880<\/p>\n\n\n\n<p>Instagram: @farmaciacarmenmoreo<\/p>\n\n\n\n<p><\/p>\n","protected":false},"excerpt":{"rendered":"<p>La medicina est\u00e9tica ha experimentado un enorme crecimiento durante los \u00faltimos a\u00f1os. Cada vez son m\u00e1s las personas que recurren a tratamientos est\u00e9ticos para mejorar la calidad de la piel, corregir determinados signos del envejecimiento o, cada vez con mayor frecuencia, prevenir su aparici\u00f3n. Y este crecimiento no se limita a un \u00fanico perfil de [&hellip;]<\/p>\n","protected":false},"author":2,"featured_media":2482,"comment_status":"open","ping_status":"open","sticky":false,"template":"","format":"standard","meta":{"footnotes":""},"categories":[25,4],"tags":[],"class_list":["post-2421","post","type-post","status-publish","format-standard","has-post-thumbnail","hentry","category-activos-cosmeticos","category-cosmetica-independiente"],"yoast_head":"<!-- This site is optimized with the Yoast SEO plugin v22.4 - https:\/\/yoast.com\/wordpress\/plugins\/seo\/ -->\n<title>Cuidados de la piel despu\u00e9s de un tratamiento est\u00e9tico - Cosm\u00e9tica Independiente - Blog de Farmacia Moreo<\/title>\n<meta name=\"description\" content=\"Cuida la piel tras un procedimiento corporal: repara, hidrata y protege del sol con Cicaplast Baume B5+ SPF50.\" \/>\n<meta name=\"robots\" content=\"index, follow, max-snippet:-1, max-image-preview:large, max-video-preview:-1\" \/>\n<link rel=\"canonical\" href=\"https:\/\/www.farmaciamoreo.com\/blog\/cuidados-de-la-piel-despues-de-un-tratamiento-estetico\/\" \/>\n<meta property=\"og:locale\" content=\"es_ES\" \/>\n<meta property=\"og:type\" content=\"article\" \/>\n<meta property=\"og:title\" content=\"Cuidados de la piel despu\u00e9s de un tratamiento est\u00e9tico - Cosm\u00e9tica Independiente - Blog de Farmacia Moreo\" \/>\n<meta property=\"og:description\" content=\"Cuida la piel tras un procedimiento corporal: repara, hidrata y protege del sol con Cicaplast Baume B5+ SPF50.\" \/>\n<meta property=\"og:url\" content=\"https:\/\/www.farmaciamoreo.com\/blog\/cuidados-de-la-piel-despues-de-un-tratamiento-estetico\/\" \/>\n<meta property=\"og:site_name\" content=\"Cosm\u00e9tica Independiente - Blog de Farmacia Moreo\" \/>\n<meta property=\"article:published_time\" content=\"2026-08-21T11:14:47+00:00\" \/>\n<meta property=\"article:modified_time\" content=\"2026-08-21T11:19:37+00:00\" \/>\n<meta property=\"og:image\" content=\"https:\/\/www.farmaciamoreo.com\/blog\/wp-content\/uploads\/2026\/08\/imagenblogactodermoestetico-1.png\" \/>\n\t<meta property=\"og:image:width\" content=\"1373\" \/>\n\t<meta property=\"og:image:height\" content=\"1146\" \/>\n\t<meta property=\"og:image:type\" content=\"image\/png\" \/>\n<meta name=\"author\" content=\"Miguel Montero\" \/>\n<meta name=\"twitter:card\" content=\"summary_large_image\" \/>\n<meta name=\"twitter:label1\" content=\"Escrito por\" \/>\n\t<meta name=\"twitter:data1\" content=\"Miguel Montero\" \/>\n\t<meta name=\"twitter:label2\" content=\"Tiempo de lectura\" \/>\n\t<meta name=\"twitter:data2\" content=\"14 minutos\" \/>\n<script type=\"application\/ld+json\" class=\"yoast-schema-graph\">{\"@context\":\"https:\/\/schema.org\",\"@graph\":[{\"@type\":\"Article\",\"@id\":\"https:\/\/www.farmaciamoreo.com\/blog\/cuidados-de-la-piel-despues-de-un-tratamiento-estetico\/#article\",\"isPartOf\":{\"@id\":\"https:\/\/www.farmaciamoreo.com\/blog\/cuidados-de-la-piel-despues-de-un-tratamiento-estetico\/\"},\"author\":{\"name\":\"Miguel Montero\",\"@id\":\"https:\/\/www.farmaciamoreo.com\/blog\/#\/schema\/person\/a85bf69552ab311f84be594eda459a46\"},\"headline\":\"Cuidados de la piel despu\u00e9s de un tratamiento est\u00e9tico\",\"datePublished\":\"2026-08-21T11:14:47+00:00\",\"dateModified\":\"2026-08-21T11:19:37+00:00\",\"mainEntityOfPage\":{\"@id\":\"https:\/\/www.farmaciamoreo.com\/blog\/cuidados-de-la-piel-despues-de-un-tratamiento-estetico\/\"},\"wordCount\":3044,\"commentCount\":0,\"publisher\":{\"@id\":\"https:\/\/www.farmaciamoreo.com\/blog\/#organization\"},\"image\":{\"@id\":\"https:\/\/www.farmaciamoreo.com\/blog\/cuidados-de-la-piel-despues-de-un-tratamiento-estetico\/#primaryimage\"},\"thumbnailUrl\":\"https:\/\/www.farmaciamoreo.com\/blog\/wp-content\/uploads\/2026\/08\/imagenblogactodermoestetico-1.png\",\"articleSection\":[\"Activos cosmeticos\",\"Cosm\u00e9tica independiente\"],\"inLanguage\":\"es\",\"potentialAction\":[{\"@type\":\"CommentAction\",\"name\":\"Comment\",\"target\":[\"https:\/\/www.farmaciamoreo.com\/blog\/cuidados-de-la-piel-despues-de-un-tratamiento-estetico\/#respond\"]}]},{\"@type\":\"WebPage\",\"@id\":\"https:\/\/www.farmaciamoreo.com\/blog\/cuidados-de-la-piel-despues-de-un-tratamiento-estetico\/\",\"url\":\"https:\/\/www.farmaciamoreo.com\/blog\/cuidados-de-la-piel-despues-de-un-tratamiento-estetico\/\",\"name\":\"Cuidados de la piel despu\u00e9s de un tratamiento est\u00e9tico - Cosm\u00e9tica Independiente - Blog de Farmacia Moreo\",\"isPartOf\":{\"@id\":\"https:\/\/www.farmaciamoreo.com\/blog\/#website\"},\"primaryImageOfPage\":{\"@id\":\"https:\/\/www.farmaciamoreo.com\/blog\/cuidados-de-la-piel-despues-de-un-tratamiento-estetico\/#primaryimage\"},\"image\":{\"@id\":\"https:\/\/www.farmaciamoreo.com\/blog\/cuidados-de-la-piel-despues-de-un-tratamiento-estetico\/#primaryimage\"},\"thumbnailUrl\":\"https:\/\/www.farmaciamoreo.com\/blog\/wp-content\/uploads\/2026\/08\/imagenblogactodermoestetico-1.png\",\"datePublished\":\"2026-08-21T11:14:47+00:00\",\"dateModified\":\"2026-08-21T11:19:37+00:00\",\"description\":\"Cuida la piel tras un procedimiento corporal: repara, hidrata y protege del sol con Cicaplast Baume B5+ SPF50.\",\"breadcrumb\":{\"@id\":\"https:\/\/www.farmaciamoreo.com\/blog\/cuidados-de-la-piel-despues-de-un-tratamiento-estetico\/#breadcrumb\"},\"inLanguage\":\"es\",\"potentialAction\":[{\"@type\":\"ReadAction\",\"target\":[\"https:\/\/www.farmaciamoreo.com\/blog\/cuidados-de-la-piel-despues-de-un-tratamiento-estetico\/\"]}]},{\"@type\":\"ImageObject\",\"inLanguage\":\"es\",\"@id\":\"https:\/\/www.farmaciamoreo.com\/blog\/cuidados-de-la-piel-despues-de-un-tratamiento-estetico\/#primaryimage\",\"url\":\"https:\/\/www.farmaciamoreo.com\/blog\/wp-content\/uploads\/2026\/08\/imagenblogactodermoestetico-1.png\",\"contentUrl\":\"https:\/\/www.farmaciamoreo.com\/blog\/wp-content\/uploads\/2026\/08\/imagenblogactodermoestetico-1.png\",\"width\":1373,\"height\":1146},{\"@type\":\"BreadcrumbList\",\"@id\":\"https:\/\/www.farmaciamoreo.com\/blog\/cuidados-de-la-piel-despues-de-un-tratamiento-estetico\/#breadcrumb\",\"itemListElement\":[{\"@type\":\"ListItem\",\"position\":1,\"name\":\"Portada\",\"item\":\"https:\/\/www.farmaciamoreo.com\/blog\/\"},{\"@type\":\"ListItem\",\"position\":2,\"name\":\"Cuidados de la piel despu\u00e9s de un tratamiento est\u00e9tico\"}]},{\"@type\":\"WebSite\",\"@id\":\"https:\/\/www.farmaciamoreo.com\/blog\/#website\",\"url\":\"https:\/\/www.farmaciamoreo.com\/blog\/\",\"name\":\"Cosm\u00e9tica Independiente - Blog de Farmacia Moreo\",\"description\":\"Cosm\u00e9tica Independiente - Blog de Farmacia Moreo\",\"publisher\":{\"@id\":\"https:\/\/www.farmaciamoreo.com\/blog\/#organization\"},\"potentialAction\":[{\"@type\":\"SearchAction\",\"target\":{\"@type\":\"EntryPoint\",\"urlTemplate\":\"https:\/\/www.farmaciamoreo.com\/blog\/?s={search_term_string}\"},\"query-input\":\"required name=search_term_string\"}],\"inLanguage\":\"es\"},{\"@type\":\"Organization\",\"@id\":\"https:\/\/www.farmaciamoreo.com\/blog\/#organization\",\"name\":\"Farmacia Moreo\",\"url\":\"https:\/\/www.farmaciamoreo.com\/blog\/\",\"logo\":{\"@type\":\"ImageObject\",\"inLanguage\":\"es\",\"@id\":\"https:\/\/www.farmaciamoreo.com\/blog\/#\/schema\/logo\/image\/\",\"url\":\"https:\/\/www.farmaciamoreo.com\/blog\/wp-content\/uploads\/2023\/02\/farmacia-moreo-logo-1642152766.png\",\"contentUrl\":\"https:\/\/www.farmaciamoreo.com\/blog\/wp-content\/uploads\/2023\/02\/farmacia-moreo-logo-1642152766.png\",\"width\":200,\"height\":161,\"caption\":\"Farmacia Moreo\"},\"image\":{\"@id\":\"https:\/\/www.farmaciamoreo.com\/blog\/#\/schema\/logo\/image\/\"},\"sameAs\":[\"https:\/\/www.instagram.com\/farmaciacarmenmoreo\/\"]},{\"@type\":\"Person\",\"@id\":\"https:\/\/www.farmaciamoreo.com\/blog\/#\/schema\/person\/a85bf69552ab311f84be594eda459a46\",\"name\":\"Miguel Montero\",\"image\":{\"@type\":\"ImageObject\",\"inLanguage\":\"es\",\"@id\":\"https:\/\/www.farmaciamoreo.com\/blog\/#\/schema\/person\/image\/\",\"url\":\"https:\/\/secure.gravatar.com\/avatar\/9d2db4a6adcb3298e2e593cb4a22ab03cb0fe923c751d173f70489e1ae4ba697?s=96&d=mm&r=g\",\"contentUrl\":\"https:\/\/secure.gravatar.com\/avatar\/9d2db4a6adcb3298e2e593cb4a22ab03cb0fe923c751d173f70489e1ae4ba697?s=96&d=mm&r=g\",\"caption\":\"Miguel Montero\"},\"description\":\"Farmac\u00e9utico, especialista en cosm\u00e9tica y t\u00e9cnico en ortopedia. Vocal de Dermofarmacia del Colegio Oficial de Farmac\u00e9uticos de Zaragoza. Gerente en Farmacia Moreo.\",\"sameAs\":[\"http:\/\/www.farmaciamoreo.com\",\"https:\/\/www.instagram.com\/farmaciacarmenmoreo\/?hl=es\",\"linkedin.com\/in\/miguel-montero-moreo-17327a267\",\"https:\/\/www.youtube.com\/@farmaciamoreo4965\"],\"url\":\"https:\/\/www.farmaciamoreo.com\/blog\/author\/miguel\/\"}]}<\/script>\n<!-- \/ Yoast SEO plugin. -->","yoast_head_json":{"title":"Cuidados de la piel despu\u00e9s de un tratamiento est\u00e9tico - Cosm\u00e9tica Independiente - Blog de Farmacia Moreo","description":"Cuida la piel tras un procedimiento corporal: repara, hidrata y protege del sol con Cicaplast Baume B5+ SPF50.","robots":{"index":"index","follow":"follow","max-snippet":"max-snippet:-1","max-image-preview":"max-image-preview:large","max-video-preview":"max-video-preview:-1"},"canonical":"https:\/\/www.farmaciamoreo.com\/blog\/cuidados-de-la-piel-despues-de-un-tratamiento-estetico\/","og_locale":"es_ES","og_type":"article","og_title":"Cuidados de la piel despu\u00e9s de un tratamiento est\u00e9tico - Cosm\u00e9tica Independiente - Blog de Farmacia Moreo","og_description":"Cuida la piel tras un procedimiento corporal: repara, hidrata y protege del sol con Cicaplast Baume B5+ SPF50.","og_url":"https:\/\/www.farmaciamoreo.com\/blog\/cuidados-de-la-piel-despues-de-un-tratamiento-estetico\/","og_site_name":"Cosm\u00e9tica Independiente - Blog de Farmacia Moreo","article_published_time":"2026-08-21T11:14:47+00:00","article_modified_time":"2026-08-21T11:19:37+00:00","og_image":[{"width":1373,"height":1146,"url":"https:\/\/www.farmaciamoreo.com\/blog\/wp-content\/uploads\/2026\/08\/imagenblogactodermoestetico-1.png","type":"image\/png"}],"author":"Miguel Montero","twitter_card":"summary_large_image","twitter_misc":{"Escrito por":"Miguel Montero","Tiempo de lectura":"14 minutos"},"schema":{"@context":"https:\/\/schema.org","@graph":[{"@type":"Article","@id":"https:\/\/www.farmaciamoreo.com\/blog\/cuidados-de-la-piel-despues-de-un-tratamiento-estetico\/#article","isPartOf":{"@id":"https:\/\/www.farmaciamoreo.com\/blog\/cuidados-de-la-piel-despues-de-un-tratamiento-estetico\/"},"author":{"name":"Miguel Montero","@id":"https:\/\/www.farmaciamoreo.com\/blog\/#\/schema\/person\/a85bf69552ab311f84be594eda459a46"},"headline":"Cuidados de la piel despu\u00e9s de un tratamiento est\u00e9tico","datePublished":"2026-08-21T11:14:47+00:00","dateModified":"2026-08-21T11:19:37+00:00","mainEntityOfPage":{"@id":"https:\/\/www.farmaciamoreo.com\/blog\/cuidados-de-la-piel-despues-de-un-tratamiento-estetico\/"},"wordCount":3044,"commentCount":0,"publisher":{"@id":"https:\/\/www.farmaciamoreo.com\/blog\/#organization"},"image":{"@id":"https:\/\/www.farmaciamoreo.com\/blog\/cuidados-de-la-piel-despues-de-un-tratamiento-estetico\/#primaryimage"},"thumbnailUrl":"https:\/\/www.farmaciamoreo.com\/blog\/wp-content\/uploads\/2026\/08\/imagenblogactodermoestetico-1.png","articleSection":["Activos cosmeticos","Cosm\u00e9tica independiente"],"inLanguage":"es","potentialAction":[{"@type":"CommentAction","name":"Comment","target":["https:\/\/www.farmaciamoreo.com\/blog\/cuidados-de-la-piel-despues-de-un-tratamiento-estetico\/#respond"]}]},{"@type":"WebPage","@id":"https:\/\/www.farmaciamoreo.com\/blog\/cuidados-de-la-piel-despues-de-un-tratamiento-estetico\/","url":"https:\/\/www.farmaciamoreo.com\/blog\/cuidados-de-la-piel-despues-de-un-tratamiento-estetico\/","name":"Cuidados de la piel despu\u00e9s de un tratamiento est\u00e9tico - Cosm\u00e9tica Independiente - Blog de Farmacia Moreo","isPartOf":{"@id":"https:\/\/www.farmaciamoreo.com\/blog\/#website"},"primaryImageOfPage":{"@id":"https:\/\/www.farmaciamoreo.com\/blog\/cuidados-de-la-piel-despues-de-un-tratamiento-estetico\/#primaryimage"},"image":{"@id":"https:\/\/www.farmaciamoreo.com\/blog\/cuidados-de-la-piel-despues-de-un-tratamiento-estetico\/#primaryimage"},"thumbnailUrl":"https:\/\/www.farmaciamoreo.com\/blog\/wp-content\/uploads\/2026\/08\/imagenblogactodermoestetico-1.png","datePublished":"2026-08-21T11:14:47+00:00","dateModified":"2026-08-21T11:19:37+00:00","description":"Cuida la piel tras un procedimiento corporal: repara, hidrata y protege del sol con Cicaplast Baume B5+ SPF50.","breadcrumb":{"@id":"https:\/\/www.farmaciamoreo.com\/blog\/cuidados-de-la-piel-despues-de-un-tratamiento-estetico\/#breadcrumb"},"inLanguage":"es","potentialAction":[{"@type":"ReadAction","target":["https:\/\/www.farmaciamoreo.com\/blog\/cuidados-de-la-piel-despues-de-un-tratamiento-estetico\/"]}]},{"@type":"ImageObject","inLanguage":"es","@id":"https:\/\/www.farmaciamoreo.com\/blog\/cuidados-de-la-piel-despues-de-un-tratamiento-estetico\/#primaryimage","url":"https:\/\/www.farmaciamoreo.com\/blog\/wp-content\/uploads\/2026\/08\/imagenblogactodermoestetico-1.png","contentUrl":"https:\/\/www.farmaciamoreo.com\/blog\/wp-content\/uploads\/2026\/08\/imagenblogactodermoestetico-1.png","width":1373,"height":1146},{"@type":"BreadcrumbList","@id":"https:\/\/www.farmaciamoreo.com\/blog\/cuidados-de-la-piel-despues-de-un-tratamiento-estetico\/#breadcrumb","itemListElement":[{"@type":"ListItem","position":1,"name":"Portada","item":"https:\/\/www.farmaciamoreo.com\/blog\/"},{"@type":"ListItem","position":2,"name":"Cuidados de la piel despu\u00e9s de un tratamiento est\u00e9tico"}]},{"@type":"WebSite","@id":"https:\/\/www.farmaciamoreo.com\/blog\/#website","url":"https:\/\/www.farmaciamoreo.com\/blog\/","name":"Cosm\u00e9tica Independiente - Blog de Farmacia Moreo","description":"Cosm\u00e9tica Independiente - Blog de Farmacia Moreo","publisher":{"@id":"https:\/\/www.farmaciamoreo.com\/blog\/#organization"},"potentialAction":[{"@type":"SearchAction","target":{"@type":"EntryPoint","urlTemplate":"https:\/\/www.farmaciamoreo.com\/blog\/?s={search_term_string}"},"query-input":"required name=search_term_string"}],"inLanguage":"es"},{"@type":"Organization","@id":"https:\/\/www.farmaciamoreo.com\/blog\/#organization","name":"Farmacia Moreo","url":"https:\/\/www.farmaciamoreo.com\/blog\/","logo":{"@type":"ImageObject","inLanguage":"es","@id":"https:\/\/www.farmaciamoreo.com\/blog\/#\/schema\/logo\/image\/","url":"https:\/\/www.farmaciamoreo.com\/blog\/wp-content\/uploads\/2023\/02\/farmacia-moreo-logo-1642152766.png","contentUrl":"https:\/\/www.farmaciamoreo.com\/blog\/wp-content\/uploads\/2023\/02\/farmacia-moreo-logo-1642152766.png","width":200,"height":161,"caption":"Farmacia Moreo"},"image":{"@id":"https:\/\/www.farmaciamoreo.com\/blog\/#\/schema\/logo\/image\/"},"sameAs":["https:\/\/www.instagram.com\/farmaciacarmenmoreo\/"]},{"@type":"Person","@id":"https:\/\/www.farmaciamoreo.com\/blog\/#\/schema\/person\/a85bf69552ab311f84be594eda459a46","name":"Miguel Montero","image":{"@type":"ImageObject","inLanguage":"es","@id":"https:\/\/www.farmaciamoreo.com\/blog\/#\/schema\/person\/image\/","url":"https:\/\/secure.gravatar.com\/avatar\/9d2db4a6adcb3298e2e593cb4a22ab03cb0fe923c751d173f70489e1ae4ba697?s=96&d=mm&r=g","contentUrl":"https:\/\/secure.gravatar.com\/avatar\/9d2db4a6adcb3298e2e593cb4a22ab03cb0fe923c751d173f70489e1ae4ba697?s=96&d=mm&r=g","caption":"Miguel Montero"},"description":"Farmac\u00e9utico, especialista en cosm\u00e9tica y t\u00e9cnico en ortopedia. Vocal de Dermofarmacia del Colegio Oficial de Farmac\u00e9uticos de Zaragoza. Gerente en Farmacia Moreo.","sameAs":["http:\/\/www.farmaciamoreo.com","https:\/\/www.instagram.com\/farmaciacarmenmoreo\/?hl=es","linkedin.com\/in\/miguel-montero-moreo-17327a267","https:\/\/www.youtube.com\/@farmaciamoreo4965"],"url":"https:\/\/www.farmaciamoreo.com\/blog\/author\/miguel\/"}]}},"_links":{"self":[{"href":"https:\/\/www.farmaciamoreo.com\/blog\/wp-json\/wp\/v2\/posts\/2421","targetHints":{"allow":["GET"]}}],"collection":[{"href":"https:\/\/www.farmaciamoreo.com\/blog\/wp-json\/wp\/v2\/posts"}],"about":[{"href":"https:\/\/www.farmaciamoreo.com\/blog\/wp-json\/wp\/v2\/types\/post"}],"author":[{"embeddable":true,"href":"https:\/\/www.farmaciamoreo.com\/blog\/wp-json\/wp\/v2\/users\/2"}],"replies":[{"embeddable":true,"href":"https:\/\/www.farmaciamoreo.com\/blog\/wp-json\/wp\/v2\/comments?post=2421"}],"version-history":[{"count":7,"href":"https:\/\/www.farmaciamoreo.com\/blog\/wp-json\/wp\/v2\/posts\/2421\/revisions"}],"predecessor-version":[{"id":2485,"href":"https:\/\/www.farmaciamoreo.com\/blog\/wp-json\/wp\/v2\/posts\/2421\/revisions\/2485"}],"wp:featuredmedia":[{"embeddable":true,"href":"https:\/\/www.farmaciamoreo.com\/blog\/wp-json\/wp\/v2\/media\/2482"}],"wp:attachment":[{"href":"https:\/\/www.farmaciamoreo.com\/blog\/wp-json\/wp\/v2\/media?parent=2421"}],"wp:term":[{"taxonomy":"category","embeddable":true,"href":"https:\/\/www.farmaciamoreo.com\/blog\/wp-json\/wp\/v2\/categories?post=2421"},{"taxonomy":"post_tag","embeddable":true,"href":"https:\/\/www.farmaciamoreo.com\/blog\/wp-json\/wp\/v2\/tags?post=2421"}],"curies":[{"name":"wp","href":"https:\/\/api.w.org\/{rel}","templated":true}]}}