{"id":1871,"date":"2025-04-16T12:17:23","date_gmt":"2025-04-16T12:17:23","guid":{"rendered":"https:\/\/www.farmaciamoreo.com\/blog\/?p=1871"},"modified":"2025-04-16T12:26:28","modified_gmt":"2025-04-16T12:26:28","slug":"como-entender-y-cuidar-la-piel-sensible-una-guia-completa","status":"publish","type":"post","link":"https:\/\/www.farmaciamoreo.com\/blog\/como-entender-y-cuidar-la-piel-sensible-una-guia-completa\/","title":{"rendered":"C\u00f3mo entender y cuidar la piel sensible: Una gu\u00eda completa"},"content":{"rendered":"<div id=\"ez-toc-container\" class=\"ez-toc-v2_0_67_1 counter-hierarchy ez-toc-counter ez-toc-white ez-toc-container-direction\">\n<div class=\"ez-toc-title-container\">\n<p class=\"ez-toc-title \" >Contenido<\/p>\n<span class=\"ez-toc-title-toggle\"><a href=\"#\" class=\"ez-toc-pull-right ez-toc-btn ez-toc-btn-xs ez-toc-btn-default ez-toc-toggle\" aria-label=\"Toggle Table of Content\"><span class=\"ez-toc-js-icon-con\"><span class=\"\"><span class=\"eztoc-hide\" style=\"display:none;\">Toggle<\/span><span class=\"ez-toc-icon-toggle-span\"><svg style=\"fill: #999;color:#999\" xmlns=\"http:\/\/www.w3.org\/2000\/svg\" class=\"list-377408\" width=\"20px\" height=\"20px\" viewBox=\"0 0 24 24\" fill=\"none\"><path d=\"M6 6H4v2h2V6zm14 0H8v2h12V6zM4 11h2v2H4v-2zm16 0H8v2h12v-2zM4 16h2v2H4v-2zm16 0H8v2h12v-2z\" fill=\"currentColor\"><\/path><\/svg><svg style=\"fill: #999;color:#999\" class=\"arrow-unsorted-368013\" xmlns=\"http:\/\/www.w3.org\/2000\/svg\" width=\"10px\" height=\"10px\" viewBox=\"0 0 24 24\" version=\"1.2\" baseProfile=\"tiny\"><path d=\"M18.2 9.3l-6.2-6.3-6.2 6.3c-.2.2-.3.4-.3.7s.1.5.3.7c.2.2.4.3.7.3h11c.3 0 .5-.1.7-.3.2-.2.3-.5.3-.7s-.1-.5-.3-.7zM5.8 14.7l6.2 6.3 6.2-6.3c.2-.2.3-.5.3-.7s-.1-.5-.3-.7c-.2-.2-.4-.3-.7-.3h-11c-.3 0-.5.1-.7.3-.2.2-.3.5-.3.7s.1.5.3.7z\"\/><\/svg><\/span><\/span><\/span><\/a><\/span><\/div>\n<nav><ul class='ez-toc-list ez-toc-list-level-1 ' ><li class='ez-toc-page-1 ez-toc-heading-level-2'><a class=\"ez-toc-link ez-toc-heading-1\" href=\"https:\/\/www.farmaciamoreo.com\/blog\/como-entender-y-cuidar-la-piel-sensible-una-guia-completa\/#Estudio_de_la_revista_Fortune_Journals\" title=\"Estudio de la revista Fortune Journals\">Estudio de la revista Fortune Journals<\/a><\/li><li class='ez-toc-page-1 ez-toc-heading-level-2'><a class=\"ez-toc-link ez-toc-heading-2\" href=\"https:\/\/www.farmaciamoreo.com\/blog\/como-entender-y-cuidar-la-piel-sensible-una-guia-completa\/#Origen_de_la_piel_sensible\" title=\"Origen de la piel sensible\">Origen de la piel sensible<\/a><ul class='ez-toc-list-level-4' ><li class='ez-toc-heading-level-4'><ul class='ez-toc-list-level-4' ><li class='ez-toc-heading-level-4'><a class=\"ez-toc-link ez-toc-heading-3\" href=\"https:\/\/www.farmaciamoreo.com\/blog\/como-entender-y-cuidar-la-piel-sensible-una-guia-completa\/#Factores_geneticos\" title=\"Factores gen\u00e9ticos\">Factores gen\u00e9ticos<\/a><\/li><li class='ez-toc-page-1 ez-toc-heading-level-4'><a class=\"ez-toc-link ez-toc-heading-4\" href=\"https:\/\/www.farmaciamoreo.com\/blog\/como-entender-y-cuidar-la-piel-sensible-una-guia-completa\/#Disfuncion_de_la_barrera_cutanea\" title=\"Disfunci\u00f3n de la barrera cut\u00e1nea\">Disfunci\u00f3n de la barrera cut\u00e1nea<\/a><\/li><li class='ez-toc-page-1 ez-toc-heading-level-4'><a class=\"ez-toc-link ez-toc-heading-5\" href=\"https:\/\/www.farmaciamoreo.com\/blog\/como-entender-y-cuidar-la-piel-sensible-una-guia-completa\/#Factores_ambientales_y_de_estilo_de_vida\" title=\"Factores ambientales y de estilo de vida\">Factores ambientales y de estilo de vida<\/a><\/li><li class='ez-toc-page-1 ez-toc-heading-level-4'><a class=\"ez-toc-link ez-toc-heading-6\" href=\"https:\/\/www.farmaciamoreo.com\/blog\/como-entender-y-cuidar-la-piel-sensible-una-guia-completa\/#Reacciones_inmunologicas\" title=\"Reacciones inmunol\u00f3gicas\">Reacciones inmunol\u00f3gicas<\/a><\/li><\/ul><\/li><\/ul><\/li><li class='ez-toc-page-1 ez-toc-heading-level-2'><a class=\"ez-toc-link ez-toc-heading-7\" href=\"https:\/\/www.farmaciamoreo.com\/blog\/como-entender-y-cuidar-la-piel-sensible-una-guia-completa\/#Sintomas_en_la_piel\" title=\"S\u00edntomas en la piel\">S\u00edntomas en la piel<\/a><ul class='ez-toc-list-level-4' ><li class='ez-toc-heading-level-4'><ul class='ez-toc-list-level-4' ><li class='ez-toc-heading-level-4'><a class=\"ez-toc-link ez-toc-heading-8\" href=\"https:\/\/www.farmaciamoreo.com\/blog\/como-entender-y-cuidar-la-piel-sensible-una-guia-completa\/#Sensaciones_de_molestia\" title=\"Sensaciones de molestia\">Sensaciones de molestia<\/a><\/li><li class='ez-toc-page-1 ez-toc-heading-level-4'><a class=\"ez-toc-link ez-toc-heading-9\" href=\"https:\/\/www.farmaciamoreo.com\/blog\/como-entender-y-cuidar-la-piel-sensible-una-guia-completa\/#Reacciones_visibles\" title=\"Reacciones visibles\">Reacciones visibles<\/a><\/li><li class='ez-toc-page-1 ez-toc-heading-level-4'><a class=\"ez-toc-link ez-toc-heading-10\" href=\"https:\/\/www.farmaciamoreo.com\/blog\/como-entender-y-cuidar-la-piel-sensible-una-guia-completa\/#Hiperrreactividad\" title=\"Hiperrreactividad\">Hiperrreactividad<\/a><\/li><li class='ez-toc-page-1 ez-toc-heading-level-4'><a class=\"ez-toc-link ez-toc-heading-11\" href=\"https:\/\/www.farmaciamoreo.com\/blog\/como-entender-y-cuidar-la-piel-sensible-una-guia-completa\/#Disfuncion_de_la_barrera_cutanea-2\" title=\"Disfunci\u00f3n de la barrera cut\u00e1nea\">Disfunci\u00f3n de la barrera cut\u00e1nea<\/a><\/li><\/ul><\/li><\/ul><\/li><li class='ez-toc-page-1 ez-toc-heading-level-2'><a class=\"ez-toc-link ez-toc-heading-12\" href=\"https:\/\/www.farmaciamoreo.com\/blog\/como-entender-y-cuidar-la-piel-sensible-una-guia-completa\/#Clasificaciones_de_piel_sensible_existentes\" title=\"Clasificaciones de piel sensible existentes\">Clasificaciones de piel sensible existentes<\/a><ul class='ez-toc-list-level-4' ><li class='ez-toc-heading-level-4'><ul class='ez-toc-list-level-4' ><li class='ez-toc-heading-level-4'><a class=\"ez-toc-link ez-toc-heading-13\" href=\"https:\/\/www.farmaciamoreo.com\/blog\/como-entender-y-cuidar-la-piel-sensible-una-guia-completa\/#Tipo_I_%E2%80%93_Baja_funcion_de_barrera\" title=\"Tipo I &#8211; Baja funci\u00f3n de barrera\">Tipo I &#8211; Baja funci\u00f3n de barrera<\/a><\/li><li class='ez-toc-page-1 ez-toc-heading-level-4'><a class=\"ez-toc-link ez-toc-heading-14\" href=\"https:\/\/www.farmaciamoreo.com\/blog\/como-entender-y-cuidar-la-piel-sensible-una-guia-completa\/#Tipo_II_%E2%80%93_Funcion_de_barrera_normal_con_inflamacion\" title=\"Tipo II &#8211; Funci\u00f3n de barrera normal con inflamaci\u00f3n\">Tipo II &#8211; Funci\u00f3n de barrera normal con inflamaci\u00f3n<\/a><\/li><li class='ez-toc-page-1 ez-toc-heading-level-4'><a class=\"ez-toc-link ez-toc-heading-15\" href=\"https:\/\/www.farmaciamoreo.com\/blog\/como-entender-y-cuidar-la-piel-sensible-una-guia-completa\/#Tipo_III_%E2%80%93_Funcion_de_barrera_normal_sin_inflamacion_pero_con_reactividad\" title=\"Tipo III &#8211; Funci\u00f3n de barrera normal sin inflamaci\u00f3n pero con reactividad\">Tipo III &#8211; Funci\u00f3n de barrera normal sin inflamaci\u00f3n pero con reactividad<\/a><\/li><\/ul><\/li><\/ul><\/li><li class='ez-toc-page-1 ez-toc-heading-level-2'><a class=\"ez-toc-link ez-toc-heading-16\" href=\"https:\/\/www.farmaciamoreo.com\/blog\/como-entender-y-cuidar-la-piel-sensible-una-guia-completa\/#Cuidado_de_la_piel_sensible\" title=\"Cuidado de la piel sensible\">Cuidado de la piel sensible<\/a><ul class='ez-toc-list-level-3' ><li class='ez-toc-heading-level-3'><a class=\"ez-toc-link ez-toc-heading-17\" href=\"https:\/\/www.farmaciamoreo.com\/blog\/como-entender-y-cuidar-la-piel-sensible-una-guia-completa\/#Conclusiones\" title=\"Conclusiones\">Conclusiones<\/a><\/li><\/ul><\/li><\/ul><\/nav><\/div>\n\n<p>En el campo de la cosm\u00e9tica, cada piel tiene una historia que contar, especialmente cuando se trata de piel sensible. En el blog de Cosm\u00e9tica Independiente de Farmacia Moreo, no solo nos comprometemos a ofrecer soluciones efectivas sino tambi\u00e9n a educar y empoderar a nuestros lectores con informaci\u00f3n basada en evidencia cient\u00edfica sobre c\u00f3mo manejar la piel sensible. Este enfoque se basa en la dimensi\u00f3n de la salud de la piel que tenemos los farmac\u00e9uticos, combinando conocimiento cl\u00ednico y cuidado personalizado.<\/p>\n\n\n\n<p> A trav\u00e9s de este art\u00edculo, exploraremos juntos, desde la prevalencia y causas de la piel sensible, hasta los enfoques m\u00e1s recomendados para su cuidado, destacando la importancia de un asesoramiento profesional personalizado en cada paso como ofrecemos en Farmacia Moreo.<\/p>\n\n\n\n<h2 class=\"wp-block-heading\"><span class=\"ez-toc-section\" id=\"Estudio_de_la_revista_Fortune_Journals\"><\/span>Estudio de la revista Fortune Journals<span class=\"ez-toc-section-end\"><\/span><\/h2>\n\n\n\n<p>En un estudio sobre la piel sensible en 20.000 mujeres (editorial que publica revistas cient\u00edficas de acceso abierto y revisadas por pares en diversas \u00e1reas como medicina, ciencia y tecnolog\u00eda). Aproximadamente el 50.3% de las mujeres en todo el mundo reportan tener piel sensible, seg\u00fan un estudio reciente que abarc\u00f3 20 pa\u00edses.<\/p>\n\n\n\n<p>Seg\u00fan otro estudio realizado por DOAJ (Base de datos en l\u00ednea que indexa y proporciona acceso a revistas acad\u00e9micas), hasta el 60-70% de las mujeres y el 50-60% de los hombres reportan alg\u00fan grado de sensibilidad cut\u00e1nea.<\/p>\n\n\n\n<h2 class=\"wp-block-heading\"><span class=\"ez-toc-section\" id=\"Origen_de_la_piel_sensible\"><\/span>Origen de la piel sensible<span class=\"ez-toc-section-end\"><\/span><\/h2>\n\n\n\n<p>Cuando abordamos la piel sensible, nos referimos a un tipo de piel que reacciona de manera exagerada a est\u00edmulos que no afectar\u00edan a una piel normal. Entender su etiopatogenia es crucial para manejar adecuadamente esta condici\u00f3n.<\/p>\n\n\n\n<h4 class=\"wp-block-heading\"><span class=\"ez-toc-section\" id=\"Factores_geneticos\"><\/span>Factores gen\u00e9ticos<span class=\"ez-toc-section-end\"><\/span><\/h4>\n\n\n\n<p>La predisposici\u00f3n gen\u00e9tica es determinante en la piel sensible, haciendo que su piel sea m\u00e1s propensa a irritarse.<\/p>\n\n\n\n<h4 class=\"wp-block-heading\"><span class=\"ez-toc-section\" id=\"Disfuncion_de_la_barrera_cutanea\"><\/span>Disfunci\u00f3n de la barrera cut\u00e1nea<span class=\"ez-toc-section-end\"><\/span><\/h4>\n\n\n\n<p>La piel sensible a menudo presenta una barrera cut\u00e1nea debilitada. Esta barrera es una capa de c\u00e9lulas y l\u00edpidos que protege contra pat\u00f3genos y mantiene la humedad. Si est\u00e1 comprometida, irritantes y al\u00e9rgenos pueden penetrar m\u00e1s f\u00e1cilmente, causando inflamaci\u00f3n.<\/p>\n\n\n\n<h4 class=\"wp-block-heading\"><span class=\"ez-toc-section\" id=\"Factores_ambientales_y_de_estilo_de_vida\"><\/span>Factores ambientales y de estilo de vida<span class=\"ez-toc-section-end\"><\/span><\/h4>\n\n\n\n<p>Los factores externos como la exposici\u00f3n a contaminantes, el uso de productos irritantes, una dieta inadecuada y el estr\u00e9s pueden empeorar la condici\u00f3n de la barrera cut\u00e1nea y desencadenar respuestas inflamatorias.<\/p>\n\n\n\n<h4 class=\"wp-block-heading\"><span class=\"ez-toc-section\" id=\"Reacciones_inmunologicas\"><\/span>Reacciones inmunol\u00f3gicas<span class=\"ez-toc-section-end\"><\/span><\/h4>\n\n\n\n<p>En algunos casos, la piel sensible puede involucrar reacciones inmunol\u00f3gicas exageradas, como en el eczema o la ros\u00e1cea, que requieren un manejo espec\u00edfico.<\/p>\n\n\n\n<h2 class=\"wp-block-heading\"><span class=\"ez-toc-section\" id=\"Sintomas_en_la_piel\"><\/span>S\u00edntomas en la piel<span class=\"ez-toc-section-end\"><\/span><\/h2>\n\n\n\n<p>Los principales s\u00edntomas y signos de la piel sensible incluyen una variedad de respuestas sensoriales y visuales ante factores ambientales, productos qu\u00edmicos, y otros est\u00edmulos que normalmente no afectar\u00edan a la piel no sensible. Aqu\u00ed est\u00e1n algunos de los m\u00e1s comunes:<\/p>\n\n\n\n<h4 class=\"wp-block-heading\"><span class=\"ez-toc-section\" id=\"Sensaciones_de_molestia\"><\/span>Sensaciones de molestia<span class=\"ez-toc-section-end\"><\/span><\/h4>\n\n\n\n<p>Incluyen picaz\u00f3n, ardor, escozor y sensaci\u00f3n de tirantez. Estos s\u00edntomas a menudo se perciben incluso en ausencia de signos visibles.<\/p>\n\n\n\n<h4 class=\"wp-block-heading\"><span class=\"ez-toc-section\" id=\"Reacciones_visibles\"><\/span>Reacciones visibles<span class=\"ez-toc-section-end\"><\/span><\/h4>\n\n\n\n<p>Enrojecimiento, descamaci\u00f3n, erupciones y sequedad son comunes en la piel sensible. Estas reacciones pueden ser desencadenadas por factores como productos para el cuidado de la piel, contaminantes ambientales, y cambios clim\u00e1ticos extremos.<\/p>\n\n\n\n<h4 class=\"wp-block-heading\"><span class=\"ez-toc-section\" id=\"Hiperrreactividad\"><\/span>Hiperrreactividad<span class=\"ez-toc-section-end\"><\/span><\/h4>\n\n\n\n<p>La piel sensible puede reaccionar de manera exagerada a est\u00edmulos que ser\u00edan inofensivos para otros tipos de piel, lo que puede llevar a una exacerbaci\u00f3n de los s\u00edntomas mencionados.<\/p>\n\n\n\n<h4 class=\"wp-block-heading\"><span class=\"ez-toc-section\" id=\"Disfuncion_de_la_barrera_cutanea-2\"><\/span>Disfunci\u00f3n de la barrera cut\u00e1nea<span class=\"ez-toc-section-end\"><\/span><\/h4>\n\n\n\n<p>A menudo, la piel sensible tiene una barrera cut\u00e1nea comprometida, lo que facilita la p\u00e9rdida de agua transepid\u00e9rmica y hace que la piel sea m\u00e1s susceptible a irritantes.<\/p>\n\n\n\n<h2 class=\"wp-block-heading\"><span class=\"ez-toc-section\" id=\"Clasificaciones_de_piel_sensible_existentes\"><\/span>Clasificaciones de piel sensible existentes<span class=\"ez-toc-section-end\"><\/span><\/h2>\n\n\n\n<p>En nuestra opini\u00f3n, de todas las clasificaciones de piel sensible, la m\u00e1s did\u00e1ctica para el d\u00eda a d\u00eda en la farmacia es la de Tomohiro Yokota:<\/p>\n\n\n\n<h4 class=\"wp-block-heading\"><span class=\"ez-toc-section\" id=\"Tipo_I_%E2%80%93_Baja_funcion_de_barrera\"><\/span>Tipo I &#8211; Baja funci\u00f3n de barrera<span class=\"ez-toc-section-end\"><\/span><\/h4>\n\n\n\n<p><u>Caracter\u00edsticas<\/u><\/p>\n\n\n\n<p>Este tipo de piel sensible tiene una funci\u00f3n de barrera d\u00e9bil que no protege adecuadamente contra irritantes ambientales, lo que lleva a una mayor sensibilidad.<\/p>\n\n\n\n<p><u>Patolog\u00edas asociadas<\/u><\/p>\n\n\n\n<ul class=\"wp-block-list\">\n<li>Dermatitis at\u00f3pica: A menudo asociada con una funci\u00f3n de barrera comprometida, que lleva a una piel seca, con picaz\u00f3n e inflamada.<\/li>\n\n\n\n<li>Psoriasis: Aunque primariamente una enfermedad inflamatoria, puede afectar la barrera cut\u00e1nea y exacerbar la sensibilidad en la piel afectada.<\/li>\n\n\n\n<li>Xerosis (piel extremadamente seca): Com\u00fan en individuos con funci\u00f3n de barrera comprometida, resultando en piel \u00e1spera, escamosa y propensa a la irritaci\u00f3n.<\/li>\n<\/ul>\n\n\n\n<p><u>Enfoque de tratamiento<\/u><\/p>\n\n\n\n<p>La clave es restaurar y fortalecer la funci\u00f3n de barrera de la piel. Esto puede lograrse mediante el uso de cremas y productos que contienen ingredientes que ayudan a reconstruir los l\u00edpidos de la barrera cut\u00e1nea, como ceramidas y \u00e1cidos grasos. Evitar irritantes fuertes  y los limpiadores agresivos tambi\u00e9n es crucial.<\/p>\n\n\n\n<p class=\"has-text-align-center\"><strong><em><a href=\"https:\/\/www.farmaciamoreo.com\/atopia\/4345-leti-at4-facial-defense-50-ml.html\" target=\"_blank\" rel=\"noreferrer noopener\">LETI AT4 FACIAL DEFENSE<\/a><\/em><\/strong><\/p>\n\n\n\n<figure class=\"wp-block-image aligncenter size-full is-resized\"><img loading=\"lazy\" decoding=\"async\" width=\"243\" height=\"499\" src=\"https:\/\/www.farmaciamoreo.com\/blog\/wp-content\/uploads\/2025\/04\/image-3.png\" alt=\"\" class=\"wp-image-1904\" style=\"width:176px;height:auto\" srcset=\"https:\/\/www.farmaciamoreo.com\/blog\/wp-content\/uploads\/2025\/04\/image-3.png 243w, https:\/\/www.farmaciamoreo.com\/blog\/wp-content\/uploads\/2025\/04\/image-3-146x300.png 146w\" sizes=\"auto, (max-width: 243px) 100vw, 243px\" \/><\/figure>\n\n\n\n<p>LETI AT4 Facial Defense es una crema facial ideal para pieles sensibles o at\u00f3picas con funci\u00f3n barrera debilitada. Su f\u00f3rmula incorpora <strong>PRO-CASPASA 14SYSTEM<\/strong>, que estimula la s\u00edntesis de Caspasa-14 y Filagrina para reparar y fortalecer la barrera cut\u00e1nea. Ofrece <strong>protecci\u00f3n solar SPF50 UVA\/UVB<\/strong>, filtros <strong>antipoluci\u00f3n<\/strong> y defensa frente a agentes como cloro, sudor y contaminaci\u00f3n. Adem\u00e1s, el <strong>extracto de Karit\u00e9<\/strong> combate el estr\u00e9s oxidativo, aportando confort y protecci\u00f3n diaria.<\/p>\n\n\n\n<h4 class=\"wp-block-heading\"><span class=\"ez-toc-section\" id=\"Tipo_II_%E2%80%93_Funcion_de_barrera_normal_con_inflamacion\"><\/span>Tipo II &#8211; Funci\u00f3n de barrera normal con inflamaci\u00f3n<span class=\"ez-toc-section-end\"><\/span><\/h4>\n\n\n\n<p><u>Caracter\u00edsticas<\/u><\/p>\n\n\n\n<p>La piel tiene una funci\u00f3n de barrera normal pero presenta inflamaci\u00f3n subyacente, lo que puede hacer que la piel reaccione a est\u00edmulos que normalmente no causar\u00edan una reacci\u00f3n.<\/p>\n\n\n\n<p><u>Patolog\u00edas asociadas<\/u><\/p>\n\n\n\n<ul class=\"wp-block-list\">\n<li>Ros\u00e1cea: Caracterizada por enrojecimiento e inflamaci\u00f3n, a menudo exacerbada por factores ambientales y cosm\u00e9ticos.<\/li>\n\n\n\n<li>Dermatitis de contacto al\u00e9rgica: Inflamaci\u00f3n de la piel causada por el contacto con un al\u00e9rgeno, aunque la barrera cut\u00e1nea pueda estar intacta.<\/li>\n\n\n\n<li>Urticaria: Aunque no siempre se relaciona directamente con la funci\u00f3n de la barrera, la inflamaci\u00f3n es un componente significativo.<\/li>\n<\/ul>\n\n\n\n<p><u>Enfoque de tratamiento<\/u><\/p>\n\n\n\n<p>El tratamiento debe centrarse en controlar la inflamaci\u00f3n y calmar la piel. Los productos formulados con antiinflamatorios como la niacinamida, extractos de avena, y el aloe vera pueden ser beneficiosos. Es importante tambi\u00e9n evitar factores desencadenantes conocidos que pueden exacerbar la inflamaci\u00f3n.<\/p>\n\n\n\n<p class=\"has-text-align-center\"><strong><em><a href=\"https:\/\/www.farmaciamoreo.com\/cremas-farmacia-serums\/4875-rosenium-cream-redness-control-shield-spf-30-50-ml.html\" target=\"_blank\" rel=\"noreferrer noopener\">ROSENIUM CREAM REDNESS CONTROL &amp; SHIELD SPF 30<\/a><\/em><\/strong><\/p>\n\n\n\n<figure class=\"wp-block-image aligncenter size-full\"><img loading=\"lazy\" decoding=\"async\" width=\"163\" height=\"318\" src=\"https:\/\/www.farmaciamoreo.com\/blog\/wp-content\/uploads\/2025\/04\/image-4.png\" alt=\"\" class=\"wp-image-1905\" srcset=\"https:\/\/www.farmaciamoreo.com\/blog\/wp-content\/uploads\/2025\/04\/image-4.png 163w, https:\/\/www.farmaciamoreo.com\/blog\/wp-content\/uploads\/2025\/04\/image-4-154x300.png 154w\" sizes=\"auto, (max-width: 163px) 100vw, 163px\" \/><\/figure>\n\n\n\n<p>Rosenium Cream es una excelente opci\u00f3n para pieles con inflamaci\u00f3n subyacente, como en la ros\u00e1cea o dermatitis de contacto, pero con una barrera cut\u00e1nea conservada. Su f\u00f3rmula combina <strong>\u00e1cido azelaico<\/strong>, <strong>diosmina liposomada<\/strong> y <strong>tecnolog\u00eda probi\u00f3tica<\/strong>, ayudando a reducir rojeces, calmar la irritaci\u00f3n y reforzar el equilibrio de la microbiota cut\u00e1nea. Adem\u00e1s, contiene <strong>SPF 30 UVA\/UVB<\/strong> y <strong>pigmentos de interferencia<\/strong> que unifican el tono, protegiendo la piel frente a agresiones externas. Ligera, eficaz y cl\u00ednicamente probada.<\/p>\n\n\n\n<h4 class=\"wp-block-heading\"><span class=\"ez-toc-section\" id=\"Tipo_III_%E2%80%93_Funcion_de_barrera_normal_sin_inflamacion_pero_con_reactividad\"><\/span>Tipo III &#8211; Funci\u00f3n de barrera normal sin inflamaci\u00f3n pero con reactividad<span class=\"ez-toc-section-end\"><\/span><\/h4>\n\n\n\n<p><u>Caracter\u00edsticas<\/u><\/p>\n\n\n\n<p>Este tipo presenta una funci\u00f3n de barrera normal y no muestra signos visibles de inflamaci\u00f3n, pero la piel es hipersensible a est\u00edmulos menores.<\/p>\n\n\n\n<p><u>Patolog\u00edas asociadas<\/u><\/p>\n\n\n\n<ul class=\"wp-block-list\">\n<li>Piel reactiva: No necesariamente una patolog\u00eda m\u00e9dica clasificada, pero las personas con este tipo de piel pueden experimentar enrojecimiento e irritaci\u00f3n en respuesta a est\u00edmulos menores sin cambios inflamatorios obvios.<\/li>\n\n\n\n<li>Fotodermatosis: Sensibilidad a la luz solar que puede causar reacciones en la piel sin inflamaci\u00f3n subyacente significativa.<\/li>\n<\/ul>\n\n\n\n<p><u>Enfoque de tratamiento<\/u><\/p>\n\n\n\n<p>Este tipo requiere productos que minimicen la reactividad cut\u00e1nea y desensibilicen la piel. Es \u00fatil el uso de productos que contengan ingredientes calmantes y que protejan la piel de est\u00edmulos externos. Se deben evitar ingredientes potencialmente irritantes y seleccionar f\u00f3rmulas dise\u00f1adas para piel hipersensible.<\/p>\n\n\n\n<p class=\"has-text-align-center\"><strong><em><a href=\"https:\/\/www.farmaciamoreo.com\/cremas-farmacia-serums\/680-toleriane-ultra-fluido-p-alergica-o-intolerante-la-roche-posay-40-ml.html\" target=\"_blank\" rel=\"noreferrer noopener\">LA ROCHE POSAY TOLERIANE DERMOALLERGO FLUIDO<\/a><\/em><\/strong><\/p>\n\n\n\n<figure class=\"wp-block-image aligncenter size-full is-resized\"><img loading=\"lazy\" decoding=\"async\" width=\"248\" height=\"487\" src=\"https:\/\/www.farmaciamoreo.com\/blog\/wp-content\/uploads\/2025\/04\/image-5.png\" alt=\"\" class=\"wp-image-1906\" style=\"width:189px;height:auto\" srcset=\"https:\/\/www.farmaciamoreo.com\/blog\/wp-content\/uploads\/2025\/04\/image-5.png 248w, https:\/\/www.farmaciamoreo.com\/blog\/wp-content\/uploads\/2025\/04\/image-5-153x300.png 153w\" sizes=\"auto, (max-width: 248px) 100vw, 248px\" \/><\/figure>\n\n\n\n<p>Toleriane Dermoallergo Fluido es ideal para pieles con reactividad elevada pero sin inflamaci\u00f3n visible. Su f\u00f3rmula ultraligera combina <strong>Neurosensina<\/strong> y <strong>Agua Termal de La Roche-Posay<\/strong> para calmar de forma inmediata la sensibilidad y el enrojecimiento. Adem\u00e1s, el innovador ingrediente <strong>Sphingobioma<\/strong> refuerza el equilibrio del microbioma cut\u00e1neo, ayudando a desensibilizar la piel progresivamente. Hipoalerg\u00e9nico, sin perfume y de alta tolerancia, es perfecto para el uso diario en pieles hiperreactivas.<\/p>\n\n\n\n<h2 class=\"wp-block-heading\"><span class=\"ez-toc-section\" id=\"Cuidado_de_la_piel_sensible\"><\/span><strong>Cuidado de la piel sensible<\/strong><span class=\"ez-toc-section-end\"><\/span><\/h2>\n\n\n\n<ul class=\"wp-block-list\">\n<li><strong>Pilares b\u00e1sicos<\/strong>: Los pilares b\u00e1sicos incluyen la limpieza suave, hidrataci\u00f3n adecuada y protecci\u00f3n contra factores ambientales nocivos.<\/li>\n\n\n\n<li><strong>Rutinas en piel sensible<\/strong>: Las rutinas de cuidado deben ser simples y centradas en mantener la integridad de la barrera cut\u00e1nea, evitando productos con ingredientes irritantes.<\/li>\n\n\n\n<li><strong>Activos indicados<\/strong>: Los activos como la glicerina, \u00e1cido hialur\u00f3nico y niacinamida son beneficiosos por sus propiedades hidratantes y reparadoras.<\/li>\n\n\n\n<li><strong>Falsos mitos<\/strong>: Es un mito que la piel sensible no pueda tolerar ning\u00fan producto de cuidado cut\u00e1neo. Con la orientaci\u00f3n adecuada, las personas con piel sensible pueden disfrutar de una amplia gama de productos seguros.<\/li>\n<\/ul>\n\n\n\n<h3 class=\"wp-block-heading\"><span class=\"ez-toc-section\" id=\"Conclusiones\"><\/span><strong>Conclusiones<\/strong><span class=\"ez-toc-section-end\"><\/span><\/h3>\n\n\n\n<p>El cuidado de la piel sensible requiere un entendimiento profundo y un enfoque personalizado. La colaboraci\u00f3n con profesionales de la salud, especialmente farmac\u00e9uticos especializados en dermofarmacia, puede hacer una gran diferencia en el manejo de esta condici\u00f3n. Con los productos adecuados y los consejos correctos, es posible mantener la salud y la belleza de la piel sensible.<\/p>\n\n\n\n<p><\/p>\n","protected":false},"excerpt":{"rendered":"<p>En el campo de la cosm\u00e9tica, cada piel tiene una historia que contar, especialmente cuando se trata de piel sensible. En el blog de Cosm\u00e9tica Independiente de Farmacia Moreo, no solo nos comprometemos a ofrecer soluciones efectivas sino tambi\u00e9n a educar y empoderar a nuestros lectores con informaci\u00f3n basada en evidencia cient\u00edfica sobre c\u00f3mo manejar [&hellip;]<\/p>\n","protected":false},"author":2,"featured_media":1907,"comment_status":"open","ping_status":"open","sticky":false,"template":"","format":"standard","meta":{"footnotes":""},"categories":[11,4],"tags":[],"class_list":["post-1871","post","type-post","status-publish","format-standard","has-post-thumbnail","hentry","category-cosmetica-facial","category-cosmetica-independiente"],"yoast_head":"<!-- This site is optimized with the Yoast SEO plugin v22.4 - https:\/\/yoast.com\/wordpress\/plugins\/seo\/ -->\n<title>C\u00f3mo entender y cuidar la piel sensible: Una gu\u00eda completa - Cosm\u00e9tica Independiente - Blog de Farmacia Moreo<\/title>\n<meta name=\"description\" content=\"Descubre causas, tipos y cuidados clave para la piel sensible con asesoramiento experto y productos recomendados por Farmacia Moreo.\" \/>\n<meta name=\"robots\" content=\"index, follow, max-snippet:-1, max-image-preview:large, max-video-preview:-1\" \/>\n<link rel=\"canonical\" href=\"https:\/\/www.farmaciamoreo.com\/blog\/como-entender-y-cuidar-la-piel-sensible-una-guia-completa\/\" \/>\n<meta property=\"og:locale\" content=\"es_ES\" \/>\n<meta property=\"og:type\" content=\"article\" \/>\n<meta property=\"og:title\" content=\"C\u00f3mo entender y cuidar la piel sensible: Una gu\u00eda completa - Cosm\u00e9tica Independiente - Blog de Farmacia Moreo\" \/>\n<meta property=\"og:description\" content=\"Descubre causas, tipos y cuidados clave para la piel sensible con asesoramiento experto y productos recomendados por Farmacia Moreo.\" \/>\n<meta property=\"og:url\" content=\"https:\/\/www.farmaciamoreo.com\/blog\/como-entender-y-cuidar-la-piel-sensible-una-guia-completa\/\" \/>\n<meta property=\"og:site_name\" content=\"Cosm\u00e9tica Independiente - Blog de Farmacia Moreo\" \/>\n<meta property=\"article:published_time\" content=\"2025-04-16T12:17:23+00:00\" \/>\n<meta property=\"article:modified_time\" content=\"2025-04-16T12:26:28+00:00\" \/>\n<meta property=\"og:image\" content=\"https:\/\/www.farmaciamoreo.com\/blog\/wp-content\/uploads\/2025\/04\/e6d5c9a8-5db3-4a6b-bd5a-bc58a94ddb20.png\" \/>\n\t<meta property=\"og:image:width\" content=\"1024\" \/>\n\t<meta property=\"og:image:height\" content=\"1024\" \/>\n\t<meta property=\"og:image:type\" content=\"image\/png\" \/>\n<meta name=\"author\" content=\"Miguel Montero\" \/>\n<meta name=\"twitter:card\" content=\"summary_large_image\" \/>\n<meta name=\"twitter:label1\" content=\"Escrito por\" \/>\n\t<meta name=\"twitter:data1\" content=\"Miguel Montero\" \/>\n\t<meta name=\"twitter:label2\" content=\"Tiempo de lectura\" \/>\n\t<meta name=\"twitter:data2\" content=\"8 minutos\" \/>\n<script type=\"application\/ld+json\" class=\"yoast-schema-graph\">{\"@context\":\"https:\/\/schema.org\",\"@graph\":[{\"@type\":\"Article\",\"@id\":\"https:\/\/www.farmaciamoreo.com\/blog\/como-entender-y-cuidar-la-piel-sensible-una-guia-completa\/#article\",\"isPartOf\":{\"@id\":\"https:\/\/www.farmaciamoreo.com\/blog\/como-entender-y-cuidar-la-piel-sensible-una-guia-completa\/\"},\"author\":{\"name\":\"Miguel Montero\",\"@id\":\"https:\/\/www.farmaciamoreo.com\/blog\/#\/schema\/person\/a85bf69552ab311f84be594eda459a46\"},\"headline\":\"C\u00f3mo entender y cuidar la piel sensible: Una gu\u00eda completa\",\"datePublished\":\"2025-04-16T12:17:23+00:00\",\"dateModified\":\"2025-04-16T12:26:28+00:00\",\"mainEntityOfPage\":{\"@id\":\"https:\/\/www.farmaciamoreo.com\/blog\/como-entender-y-cuidar-la-piel-sensible-una-guia-completa\/\"},\"wordCount\":1567,\"commentCount\":0,\"publisher\":{\"@id\":\"https:\/\/www.farmaciamoreo.com\/blog\/#organization\"},\"image\":{\"@id\":\"https:\/\/www.farmaciamoreo.com\/blog\/como-entender-y-cuidar-la-piel-sensible-una-guia-completa\/#primaryimage\"},\"thumbnailUrl\":\"https:\/\/www.farmaciamoreo.com\/blog\/wp-content\/uploads\/2025\/04\/e6d5c9a8-5db3-4a6b-bd5a-bc58a94ddb20.png\",\"articleSection\":[\"Cosm\u00e9tica facial\",\"Cosm\u00e9tica independiente\"],\"inLanguage\":\"es\",\"potentialAction\":[{\"@type\":\"CommentAction\",\"name\":\"Comment\",\"target\":[\"https:\/\/www.farmaciamoreo.com\/blog\/como-entender-y-cuidar-la-piel-sensible-una-guia-completa\/#respond\"]}]},{\"@type\":\"WebPage\",\"@id\":\"https:\/\/www.farmaciamoreo.com\/blog\/como-entender-y-cuidar-la-piel-sensible-una-guia-completa\/\",\"url\":\"https:\/\/www.farmaciamoreo.com\/blog\/como-entender-y-cuidar-la-piel-sensible-una-guia-completa\/\",\"name\":\"C\u00f3mo entender y cuidar la piel sensible: Una gu\u00eda completa - Cosm\u00e9tica Independiente - Blog de Farmacia Moreo\",\"isPartOf\":{\"@id\":\"https:\/\/www.farmaciamoreo.com\/blog\/#website\"},\"primaryImageOfPage\":{\"@id\":\"https:\/\/www.farmaciamoreo.com\/blog\/como-entender-y-cuidar-la-piel-sensible-una-guia-completa\/#primaryimage\"},\"image\":{\"@id\":\"https:\/\/www.farmaciamoreo.com\/blog\/como-entender-y-cuidar-la-piel-sensible-una-guia-completa\/#primaryimage\"},\"thumbnailUrl\":\"https:\/\/www.farmaciamoreo.com\/blog\/wp-content\/uploads\/2025\/04\/e6d5c9a8-5db3-4a6b-bd5a-bc58a94ddb20.png\",\"datePublished\":\"2025-04-16T12:17:23+00:00\",\"dateModified\":\"2025-04-16T12:26:28+00:00\",\"description\":\"Descubre causas, tipos y cuidados clave para la piel sensible con asesoramiento experto y productos recomendados por Farmacia Moreo.\",\"breadcrumb\":{\"@id\":\"https:\/\/www.farmaciamoreo.com\/blog\/como-entender-y-cuidar-la-piel-sensible-una-guia-completa\/#breadcrumb\"},\"inLanguage\":\"es\",\"potentialAction\":[{\"@type\":\"ReadAction\",\"target\":[\"https:\/\/www.farmaciamoreo.com\/blog\/como-entender-y-cuidar-la-piel-sensible-una-guia-completa\/\"]}]},{\"@type\":\"ImageObject\",\"inLanguage\":\"es\",\"@id\":\"https:\/\/www.farmaciamoreo.com\/blog\/como-entender-y-cuidar-la-piel-sensible-una-guia-completa\/#primaryimage\",\"url\":\"https:\/\/www.farmaciamoreo.com\/blog\/wp-content\/uploads\/2025\/04\/e6d5c9a8-5db3-4a6b-bd5a-bc58a94ddb20.png\",\"contentUrl\":\"https:\/\/www.farmaciamoreo.com\/blog\/wp-content\/uploads\/2025\/04\/e6d5c9a8-5db3-4a6b-bd5a-bc58a94ddb20.png\",\"width\":1024,\"height\":1024},{\"@type\":\"BreadcrumbList\",\"@id\":\"https:\/\/www.farmaciamoreo.com\/blog\/como-entender-y-cuidar-la-piel-sensible-una-guia-completa\/#breadcrumb\",\"itemListElement\":[{\"@type\":\"ListItem\",\"position\":1,\"name\":\"Portada\",\"item\":\"https:\/\/www.farmaciamoreo.com\/blog\/\"},{\"@type\":\"ListItem\",\"position\":2,\"name\":\"C\u00f3mo entender y cuidar la piel sensible: Una gu\u00eda completa\"}]},{\"@type\":\"WebSite\",\"@id\":\"https:\/\/www.farmaciamoreo.com\/blog\/#website\",\"url\":\"https:\/\/www.farmaciamoreo.com\/blog\/\",\"name\":\"Cosm\u00e9tica Independiente - Blog de Farmacia Moreo\",\"description\":\"Cosm\u00e9tica Independiente - Blog de Farmacia Moreo\",\"publisher\":{\"@id\":\"https:\/\/www.farmaciamoreo.com\/blog\/#organization\"},\"potentialAction\":[{\"@type\":\"SearchAction\",\"target\":{\"@type\":\"EntryPoint\",\"urlTemplate\":\"https:\/\/www.farmaciamoreo.com\/blog\/?s={search_term_string}\"},\"query-input\":\"required name=search_term_string\"}],\"inLanguage\":\"es\"},{\"@type\":\"Organization\",\"@id\":\"https:\/\/www.farmaciamoreo.com\/blog\/#organization\",\"name\":\"Farmacia Moreo\",\"url\":\"https:\/\/www.farmaciamoreo.com\/blog\/\",\"logo\":{\"@type\":\"ImageObject\",\"inLanguage\":\"es\",\"@id\":\"https:\/\/www.farmaciamoreo.com\/blog\/#\/schema\/logo\/image\/\",\"url\":\"https:\/\/www.farmaciamoreo.com\/blog\/wp-content\/uploads\/2023\/02\/farmacia-moreo-logo-1642152766.png\",\"contentUrl\":\"https:\/\/www.farmaciamoreo.com\/blog\/wp-content\/uploads\/2023\/02\/farmacia-moreo-logo-1642152766.png\",\"width\":200,\"height\":161,\"caption\":\"Farmacia Moreo\"},\"image\":{\"@id\":\"https:\/\/www.farmaciamoreo.com\/blog\/#\/schema\/logo\/image\/\"},\"sameAs\":[\"https:\/\/www.instagram.com\/farmaciacarmenmoreo\/\"]},{\"@type\":\"Person\",\"@id\":\"https:\/\/www.farmaciamoreo.com\/blog\/#\/schema\/person\/a85bf69552ab311f84be594eda459a46\",\"name\":\"Miguel Montero\",\"image\":{\"@type\":\"ImageObject\",\"inLanguage\":\"es\",\"@id\":\"https:\/\/www.farmaciamoreo.com\/blog\/#\/schema\/person\/image\/\",\"url\":\"https:\/\/secure.gravatar.com\/avatar\/9d2db4a6adcb3298e2e593cb4a22ab03cb0fe923c751d173f70489e1ae4ba697?s=96&d=mm&r=g\",\"contentUrl\":\"https:\/\/secure.gravatar.com\/avatar\/9d2db4a6adcb3298e2e593cb4a22ab03cb0fe923c751d173f70489e1ae4ba697?s=96&d=mm&r=g\",\"caption\":\"Miguel Montero\"},\"description\":\"Farmac\u00e9utico, especialista en cosm\u00e9tica y t\u00e9cnico en ortopedia. Vocal de Dermofarmacia del Colegio Oficial de Farmac\u00e9uticos de Zaragoza. Gerente en Farmacia Moreo.\",\"sameAs\":[\"http:\/\/www.farmaciamoreo.com\",\"https:\/\/www.instagram.com\/farmaciacarmenmoreo\/?hl=es\",\"linkedin.com\/in\/miguel-montero-moreo-17327a267\",\"https:\/\/www.youtube.com\/@farmaciamoreo4965\"],\"url\":\"https:\/\/www.farmaciamoreo.com\/blog\/author\/miguel\/\"}]}<\/script>\n<!-- \/ Yoast SEO plugin. -->","yoast_head_json":{"title":"C\u00f3mo entender y cuidar la piel sensible: Una gu\u00eda completa - Cosm\u00e9tica Independiente - Blog de Farmacia Moreo","description":"Descubre causas, tipos y cuidados clave para la piel sensible con asesoramiento experto y productos recomendados por Farmacia Moreo.","robots":{"index":"index","follow":"follow","max-snippet":"max-snippet:-1","max-image-preview":"max-image-preview:large","max-video-preview":"max-video-preview:-1"},"canonical":"https:\/\/www.farmaciamoreo.com\/blog\/como-entender-y-cuidar-la-piel-sensible-una-guia-completa\/","og_locale":"es_ES","og_type":"article","og_title":"C\u00f3mo entender y cuidar la piel sensible: Una gu\u00eda completa - Cosm\u00e9tica Independiente - Blog de Farmacia Moreo","og_description":"Descubre causas, tipos y cuidados clave para la piel sensible con asesoramiento experto y productos recomendados por Farmacia Moreo.","og_url":"https:\/\/www.farmaciamoreo.com\/blog\/como-entender-y-cuidar-la-piel-sensible-una-guia-completa\/","og_site_name":"Cosm\u00e9tica Independiente - Blog de Farmacia Moreo","article_published_time":"2025-04-16T12:17:23+00:00","article_modified_time":"2025-04-16T12:26:28+00:00","og_image":[{"width":1024,"height":1024,"url":"https:\/\/www.farmaciamoreo.com\/blog\/wp-content\/uploads\/2025\/04\/e6d5c9a8-5db3-4a6b-bd5a-bc58a94ddb20.png","type":"image\/png"}],"author":"Miguel Montero","twitter_card":"summary_large_image","twitter_misc":{"Escrito por":"Miguel Montero","Tiempo de lectura":"8 minutos"},"schema":{"@context":"https:\/\/schema.org","@graph":[{"@type":"Article","@id":"https:\/\/www.farmaciamoreo.com\/blog\/como-entender-y-cuidar-la-piel-sensible-una-guia-completa\/#article","isPartOf":{"@id":"https:\/\/www.farmaciamoreo.com\/blog\/como-entender-y-cuidar-la-piel-sensible-una-guia-completa\/"},"author":{"name":"Miguel Montero","@id":"https:\/\/www.farmaciamoreo.com\/blog\/#\/schema\/person\/a85bf69552ab311f84be594eda459a46"},"headline":"C\u00f3mo entender y cuidar la piel sensible: Una gu\u00eda completa","datePublished":"2025-04-16T12:17:23+00:00","dateModified":"2025-04-16T12:26:28+00:00","mainEntityOfPage":{"@id":"https:\/\/www.farmaciamoreo.com\/blog\/como-entender-y-cuidar-la-piel-sensible-una-guia-completa\/"},"wordCount":1567,"commentCount":0,"publisher":{"@id":"https:\/\/www.farmaciamoreo.com\/blog\/#organization"},"image":{"@id":"https:\/\/www.farmaciamoreo.com\/blog\/como-entender-y-cuidar-la-piel-sensible-una-guia-completa\/#primaryimage"},"thumbnailUrl":"https:\/\/www.farmaciamoreo.com\/blog\/wp-content\/uploads\/2025\/04\/e6d5c9a8-5db3-4a6b-bd5a-bc58a94ddb20.png","articleSection":["Cosm\u00e9tica facial","Cosm\u00e9tica independiente"],"inLanguage":"es","potentialAction":[{"@type":"CommentAction","name":"Comment","target":["https:\/\/www.farmaciamoreo.com\/blog\/como-entender-y-cuidar-la-piel-sensible-una-guia-completa\/#respond"]}]},{"@type":"WebPage","@id":"https:\/\/www.farmaciamoreo.com\/blog\/como-entender-y-cuidar-la-piel-sensible-una-guia-completa\/","url":"https:\/\/www.farmaciamoreo.com\/blog\/como-entender-y-cuidar-la-piel-sensible-una-guia-completa\/","name":"C\u00f3mo entender y cuidar la piel sensible: Una gu\u00eda completa - Cosm\u00e9tica Independiente - Blog de Farmacia Moreo","isPartOf":{"@id":"https:\/\/www.farmaciamoreo.com\/blog\/#website"},"primaryImageOfPage":{"@id":"https:\/\/www.farmaciamoreo.com\/blog\/como-entender-y-cuidar-la-piel-sensible-una-guia-completa\/#primaryimage"},"image":{"@id":"https:\/\/www.farmaciamoreo.com\/blog\/como-entender-y-cuidar-la-piel-sensible-una-guia-completa\/#primaryimage"},"thumbnailUrl":"https:\/\/www.farmaciamoreo.com\/blog\/wp-content\/uploads\/2025\/04\/e6d5c9a8-5db3-4a6b-bd5a-bc58a94ddb20.png","datePublished":"2025-04-16T12:17:23+00:00","dateModified":"2025-04-16T12:26:28+00:00","description":"Descubre causas, tipos y cuidados clave para la piel sensible con asesoramiento experto y productos recomendados por Farmacia Moreo.","breadcrumb":{"@id":"https:\/\/www.farmaciamoreo.com\/blog\/como-entender-y-cuidar-la-piel-sensible-una-guia-completa\/#breadcrumb"},"inLanguage":"es","potentialAction":[{"@type":"ReadAction","target":["https:\/\/www.farmaciamoreo.com\/blog\/como-entender-y-cuidar-la-piel-sensible-una-guia-completa\/"]}]},{"@type":"ImageObject","inLanguage":"es","@id":"https:\/\/www.farmaciamoreo.com\/blog\/como-entender-y-cuidar-la-piel-sensible-una-guia-completa\/#primaryimage","url":"https:\/\/www.farmaciamoreo.com\/blog\/wp-content\/uploads\/2025\/04\/e6d5c9a8-5db3-4a6b-bd5a-bc58a94ddb20.png","contentUrl":"https:\/\/www.farmaciamoreo.com\/blog\/wp-content\/uploads\/2025\/04\/e6d5c9a8-5db3-4a6b-bd5a-bc58a94ddb20.png","width":1024,"height":1024},{"@type":"BreadcrumbList","@id":"https:\/\/www.farmaciamoreo.com\/blog\/como-entender-y-cuidar-la-piel-sensible-una-guia-completa\/#breadcrumb","itemListElement":[{"@type":"ListItem","position":1,"name":"Portada","item":"https:\/\/www.farmaciamoreo.com\/blog\/"},{"@type":"ListItem","position":2,"name":"C\u00f3mo entender y cuidar la piel sensible: Una gu\u00eda completa"}]},{"@type":"WebSite","@id":"https:\/\/www.farmaciamoreo.com\/blog\/#website","url":"https:\/\/www.farmaciamoreo.com\/blog\/","name":"Cosm\u00e9tica Independiente - Blog de Farmacia Moreo","description":"Cosm\u00e9tica Independiente - Blog de Farmacia Moreo","publisher":{"@id":"https:\/\/www.farmaciamoreo.com\/blog\/#organization"},"potentialAction":[{"@type":"SearchAction","target":{"@type":"EntryPoint","urlTemplate":"https:\/\/www.farmaciamoreo.com\/blog\/?s={search_term_string}"},"query-input":"required name=search_term_string"}],"inLanguage":"es"},{"@type":"Organization","@id":"https:\/\/www.farmaciamoreo.com\/blog\/#organization","name":"Farmacia Moreo","url":"https:\/\/www.farmaciamoreo.com\/blog\/","logo":{"@type":"ImageObject","inLanguage":"es","@id":"https:\/\/www.farmaciamoreo.com\/blog\/#\/schema\/logo\/image\/","url":"https:\/\/www.farmaciamoreo.com\/blog\/wp-content\/uploads\/2023\/02\/farmacia-moreo-logo-1642152766.png","contentUrl":"https:\/\/www.farmaciamoreo.com\/blog\/wp-content\/uploads\/2023\/02\/farmacia-moreo-logo-1642152766.png","width":200,"height":161,"caption":"Farmacia Moreo"},"image":{"@id":"https:\/\/www.farmaciamoreo.com\/blog\/#\/schema\/logo\/image\/"},"sameAs":["https:\/\/www.instagram.com\/farmaciacarmenmoreo\/"]},{"@type":"Person","@id":"https:\/\/www.farmaciamoreo.com\/blog\/#\/schema\/person\/a85bf69552ab311f84be594eda459a46","name":"Miguel Montero","image":{"@type":"ImageObject","inLanguage":"es","@id":"https:\/\/www.farmaciamoreo.com\/blog\/#\/schema\/person\/image\/","url":"https:\/\/secure.gravatar.com\/avatar\/9d2db4a6adcb3298e2e593cb4a22ab03cb0fe923c751d173f70489e1ae4ba697?s=96&d=mm&r=g","contentUrl":"https:\/\/secure.gravatar.com\/avatar\/9d2db4a6adcb3298e2e593cb4a22ab03cb0fe923c751d173f70489e1ae4ba697?s=96&d=mm&r=g","caption":"Miguel Montero"},"description":"Farmac\u00e9utico, especialista en cosm\u00e9tica y t\u00e9cnico en ortopedia. Vocal de Dermofarmacia del Colegio Oficial de Farmac\u00e9uticos de Zaragoza. Gerente en Farmacia Moreo.","sameAs":["http:\/\/www.farmaciamoreo.com","https:\/\/www.instagram.com\/farmaciacarmenmoreo\/?hl=es","linkedin.com\/in\/miguel-montero-moreo-17327a267","https:\/\/www.youtube.com\/@farmaciamoreo4965"],"url":"https:\/\/www.farmaciamoreo.com\/blog\/author\/miguel\/"}]}},"_links":{"self":[{"href":"https:\/\/www.farmaciamoreo.com\/blog\/wp-json\/wp\/v2\/posts\/1871","targetHints":{"allow":["GET"]}}],"collection":[{"href":"https:\/\/www.farmaciamoreo.com\/blog\/wp-json\/wp\/v2\/posts"}],"about":[{"href":"https:\/\/www.farmaciamoreo.com\/blog\/wp-json\/wp\/v2\/types\/post"}],"author":[{"embeddable":true,"href":"https:\/\/www.farmaciamoreo.com\/blog\/wp-json\/wp\/v2\/users\/2"}],"replies":[{"embeddable":true,"href":"https:\/\/www.farmaciamoreo.com\/blog\/wp-json\/wp\/v2\/comments?post=1871"}],"version-history":[{"count":9,"href":"https:\/\/www.farmaciamoreo.com\/blog\/wp-json\/wp\/v2\/posts\/1871\/revisions"}],"predecessor-version":[{"id":1911,"href":"https:\/\/www.farmaciamoreo.com\/blog\/wp-json\/wp\/v2\/posts\/1871\/revisions\/1911"}],"wp:featuredmedia":[{"embeddable":true,"href":"https:\/\/www.farmaciamoreo.com\/blog\/wp-json\/wp\/v2\/media\/1907"}],"wp:attachment":[{"href":"https:\/\/www.farmaciamoreo.com\/blog\/wp-json\/wp\/v2\/media?parent=1871"}],"wp:term":[{"taxonomy":"category","embeddable":true,"href":"https:\/\/www.farmaciamoreo.com\/blog\/wp-json\/wp\/v2\/categories?post=1871"},{"taxonomy":"post_tag","embeddable":true,"href":"https:\/\/www.farmaciamoreo.com\/blog\/wp-json\/wp\/v2\/tags?post=1871"}],"curies":[{"name":"wp","href":"https:\/\/api.w.org\/{rel}","templated":true}]}}