{"id":1632,"date":"2024-11-19T13:24:29","date_gmt":"2024-11-19T13:24:29","guid":{"rendered":"https:\/\/www.farmaciamoreo.com\/blog\/?p=1632"},"modified":"2026-02-16T11:57:58","modified_gmt":"2026-02-16T11:57:58","slug":"dermatitis-seborreica-tratamiento","status":"publish","type":"post","link":"https:\/\/www.farmaciamoreo.com\/blog\/dermatitis-seborreica-tratamiento\/","title":{"rendered":"Dermatitis Seborreica: Entendiendo y Tratando una Condici\u00f3n Cr\u00f3nica"},"content":{"rendered":"<div id=\"ez-toc-container\" class=\"ez-toc-v2_0_67_1 counter-hierarchy ez-toc-counter ez-toc-white ez-toc-container-direction\">\n<div class=\"ez-toc-title-container\">\n<p class=\"ez-toc-title \" >Contenido<\/p>\n<span class=\"ez-toc-title-toggle\"><a href=\"#\" class=\"ez-toc-pull-right ez-toc-btn ez-toc-btn-xs ez-toc-btn-default ez-toc-toggle\" aria-label=\"Toggle Table of Content\"><span class=\"ez-toc-js-icon-con\"><span class=\"\"><span class=\"eztoc-hide\" style=\"display:none;\">Toggle<\/span><span class=\"ez-toc-icon-toggle-span\"><svg style=\"fill: #999;color:#999\" xmlns=\"http:\/\/www.w3.org\/2000\/svg\" class=\"list-377408\" width=\"20px\" height=\"20px\" viewBox=\"0 0 24 24\" fill=\"none\"><path d=\"M6 6H4v2h2V6zm14 0H8v2h12V6zM4 11h2v2H4v-2zm16 0H8v2h12v-2zM4 16h2v2H4v-2zm16 0H8v2h12v-2z\" fill=\"currentColor\"><\/path><\/svg><svg style=\"fill: #999;color:#999\" class=\"arrow-unsorted-368013\" xmlns=\"http:\/\/www.w3.org\/2000\/svg\" width=\"10px\" height=\"10px\" viewBox=\"0 0 24 24\" version=\"1.2\" baseProfile=\"tiny\"><path d=\"M18.2 9.3l-6.2-6.3-6.2 6.3c-.2.2-.3.4-.3.7s.1.5.3.7c.2.2.4.3.7.3h11c.3 0 .5-.1.7-.3.2-.2.3-.5.3-.7s-.1-.5-.3-.7zM5.8 14.7l6.2 6.3 6.2-6.3c.2-.2.3-.5.3-.7s-.1-.5-.3-.7c-.2-.2-.4-.3-.7-.3h-11c-.3 0-.5.1-.7.3-.2.2-.3.5-.3.7s.1.5.3.7z\"\/><\/svg><\/span><\/span><\/span><\/a><\/span><\/div>\n<nav><ul class='ez-toc-list ez-toc-list-level-1 ' ><li class='ez-toc-page-1 ez-toc-heading-level-3'><a class=\"ez-toc-link ez-toc-heading-1\" href=\"https:\/\/www.farmaciamoreo.com\/blog\/dermatitis-seborreica-tratamiento\/#%C2%BFQue_es_la_Dermatitis_Seborreica\" title=\"\u00bfQu\u00e9 es la Dermatitis Seborreica?\">\u00bfQu\u00e9 es la Dermatitis Seborreica?<\/a><\/li><li class='ez-toc-page-1 ez-toc-heading-level-3'><a class=\"ez-toc-link ez-toc-heading-2\" href=\"https:\/\/www.farmaciamoreo.com\/blog\/dermatitis-seborreica-tratamiento\/#Prevalencia_y_Manifestacion\" title=\"Prevalencia y Manifestaci\u00f3n\">Prevalencia y Manifestaci\u00f3n<\/a><\/li><li class='ez-toc-page-1 ez-toc-heading-level-3'><a class=\"ez-toc-link ez-toc-heading-3\" href=\"https:\/\/www.farmaciamoreo.com\/blog\/dermatitis-seborreica-tratamiento\/#%C2%BFComo_se_Distribuyen_las_Lesiones\" title=\"\u00bfC\u00f3mo se Distribuyen las Lesiones?\">\u00bfC\u00f3mo se Distribuyen las Lesiones?<\/a><\/li><li class='ez-toc-page-1 ez-toc-heading-level-3'><a class=\"ez-toc-link ez-toc-heading-4\" href=\"https:\/\/www.farmaciamoreo.com\/blog\/dermatitis-seborreica-tratamiento\/#Factores_de_Riesgo\" title=\"Factores de Riesgo\">Factores de Riesgo<\/a><\/li><li class='ez-toc-page-1 ez-toc-heading-level-3'><a class=\"ez-toc-link ez-toc-heading-5\" href=\"https:\/\/www.farmaciamoreo.com\/blog\/dermatitis-seborreica-tratamiento\/#Tratamientos_farmacologicos\" title=\"Tratamientos farmacol\u00f3gicos\">Tratamientos farmacol\u00f3gicos<\/a><\/li><li class='ez-toc-page-1 ez-toc-heading-level-3'><a class=\"ez-toc-link ez-toc-heading-6\" href=\"https:\/\/www.farmaciamoreo.com\/blog\/dermatitis-seborreica-tratamiento\/#Tratamientos_cosmeticos_coadyuvantes\" title=\"Tratamientos cosm\u00e9ticos coadyuvantes.\">Tratamientos cosm\u00e9ticos coadyuvantes.<\/a><\/li><li class='ez-toc-page-1 ez-toc-heading-level-3'><a class=\"ez-toc-link ez-toc-heading-7\" href=\"https:\/\/www.farmaciamoreo.com\/blog\/dermatitis-seborreica-tratamiento\/#Consejos_farmaceuticos_para_la_dermatitis_seborreica\" title=\"Consejos farmac\u00e9uticos para la dermatitis seborreica\">Consejos farmac\u00e9uticos para la dermatitis seborreica<\/a><ul class='ez-toc-list-level-4' ><li class='ez-toc-heading-level-4'><a class=\"ez-toc-link ez-toc-heading-8\" href=\"https:\/\/www.farmaciamoreo.com\/blog\/dermatitis-seborreica-tratamiento\/#Cuidado_del_Cabello_y_Cuero_Cabelludo\" title=\"Cuidado del Cabello y Cuero Cabelludo\">Cuidado del Cabello y Cuero Cabelludo<\/a><\/li><li class='ez-toc-page-1 ez-toc-heading-level-4'><a class=\"ez-toc-link ez-toc-heading-9\" href=\"https:\/\/www.farmaciamoreo.com\/blog\/dermatitis-seborreica-tratamiento\/#Higiene_Personal\" title=\"Higiene Personal\">Higiene Personal<\/a><\/li><li class='ez-toc-page-1 ez-toc-heading-level-4'><a class=\"ez-toc-link ez-toc-heading-10\" href=\"https:\/\/www.farmaciamoreo.com\/blog\/dermatitis-seborreica-tratamiento\/#Exposicion_Solar\" title=\"Exposici\u00f3n Solar\">Exposici\u00f3n Solar<\/a><\/li><li class='ez-toc-page-1 ez-toc-heading-level-4'><a class=\"ez-toc-link ez-toc-heading-11\" href=\"https:\/\/www.farmaciamoreo.com\/blog\/dermatitis-seborreica-tratamiento\/#Actividad_Fisica_y_Dieta\" title=\"Actividad F\u00edsica y Dieta\">Actividad F\u00edsica y Dieta<\/a><\/li><li class='ez-toc-page-1 ez-toc-heading-level-4'><a class=\"ez-toc-link ez-toc-heading-12\" href=\"https:\/\/www.farmaciamoreo.com\/blog\/dermatitis-seborreica-tratamiento\/#Educacion_y_Apoyo\" title=\"Educaci\u00f3n y Apoyo\">Educaci\u00f3n y Apoyo<\/a><\/li><\/ul><\/li><li class='ez-toc-page-1 ez-toc-heading-level-3'><a class=\"ez-toc-link ez-toc-heading-13\" href=\"https:\/\/www.farmaciamoreo.com\/blog\/dermatitis-seborreica-tratamiento\/#Rutina_cosmetica_para_la_dermatitis_seborreica\" title=\"Rutina cosm\u00e9tica para la dermatitis seborreica.\">Rutina cosm\u00e9tica para la dermatitis seborreica.<\/a><\/li><li class='ez-toc-page-1 ez-toc-heading-level-3'><a class=\"ez-toc-link ez-toc-heading-14\" href=\"https:\/\/www.farmaciamoreo.com\/blog\/dermatitis-seborreica-tratamiento\/#Conclusion\" title=\"Conclusi\u00f3n\">Conclusi\u00f3n<\/a><\/li><\/ul><\/nav><\/div>\n\n<p>En nuestra entrada de blog de hoy en <strong>Cosm\u00e9tica Independiente<\/strong>, abordaremos una patolog\u00eda dermatol\u00f3gica no tan conocida pero de considerable importancia debido a sus marcadas manifestaciones en la piel. Esta condici\u00f3n tiene un impacto importante en la poblaci\u00f3n en general sobre todo en los bebes (en estos casos es mas conocida como <strong>costra l\u00e1ctea<\/strong>).<\/p>\n\n\n\n<p>Esta patolog\u00eda cut\u00e1nea puede tener un impacto significativo en la autoestima de los pacientes, especialmente cuando las lesiones son visibles. Nuestro objetivo en esta entrada de blog, es profundizar en el<strong> entendimiento<\/strong> de esta enfermedad, explorando su naturaleza, <strong>origen<\/strong>, prevalencia en la poblaci\u00f3n, y sus principales<strong> manifestaciones<\/strong> y factores de riesgo. Asimismo, discutiremos los <strong>tratamientos farmacol\u00f3gicos<\/strong> y<strong> no farmacol\u00f3gicos<\/strong> disponibles, y finalmente, ofreceremos algunos <strong>consejos pr\u00e1cticos<\/strong> que los farmac\u00e9uticos pueden brindar a los pacientes que sufren de esta condici\u00f3n de la piel.<\/p>\n\n\n\n<p><\/p>\n\n\n\n<h3 class=\"wp-block-heading\"><span class=\"ez-toc-section\" id=\"%C2%BFQue_es_la_Dermatitis_Seborreica\"><\/span>\u00bfQu\u00e9 es la Dermatitis Seborreica?<span class=\"ez-toc-section-end\"><\/span><\/h3>\n\n\n\n<p>La dermatitis seborreica es una enfermedad cut\u00e1nea <strong>inflamatoria cr\u00f3nica y recurrente<\/strong>, que se manifiesta en formas de <strong>placas<\/strong> eritematosas claramente delimitadas acompa\u00f1adas de <strong>descamaci\u00f3n<\/strong> amarillenta untuosa y un prurito que puede variar en intensidad. Aunque su causa exacta a\u00fan no est\u00e1 completamente entendida, se sabe que <strong>factores gen\u00e9ticos<\/strong> pueden influir en la producci\u00f3n y composici\u00f3n del sebo, creando un entorno favorable para el crecimiento del<strong> hongo<\/strong> del g\u00e9nero <em><strong>Malassezia<\/strong><\/em>. Los metabolitos de estas levaduras irritan la epidermis y desencadenan una<strong> reacci\u00f3n inflamatoria <\/strong>que resulta en las lesiones caracter\u00edsticas de esta afecci\u00f3n.<\/p>\n\n\n\n<p><\/p>\n\n\n\n<h3 class=\"wp-block-heading\"><span class=\"ez-toc-section\" id=\"Prevalencia_y_Manifestacion\"><\/span>Prevalencia y Manifestaci\u00f3n<span class=\"ez-toc-section-end\"><\/span><\/h3>\n\n\n\n<p>La dermatitis seborreica puede presentarse en cualquier momento de la vida. Aproximadamente el <strong>70% de los reci\u00e9n nacidos<\/strong> muestran signos de la afecci\u00f3n, conocida en beb\u00e9s como <strong>\u00abcostra l\u00e1ctea\u00bb<\/strong>, la cual generalmente se resuelve de manera espont\u00e1nea. En <strong>adultos,<\/strong> se estima que afecta entre el<strong> 3% y el 10% <\/strong>de la poblaci\u00f3n. Aunque se manifiesta en personas generalmente sanas, tambi\u00e9n puede estar asociada con otras condiciones m\u00e9dicas, como el VIH, trastornos neurol\u00f3gicos y enfermedades cardiovasculares.<\/p>\n\n\n\n<p><\/p>\n\n\n\n<h3 class=\"wp-block-heading\"><span class=\"ez-toc-section\" id=\"%C2%BFComo_se_Distribuyen_las_Lesiones\"><\/span>\u00bfC\u00f3mo se Distribuyen las Lesiones?<span class=\"ez-toc-section-end\"><\/span><\/h3>\n\n\n\n<p>La distribuci\u00f3n de las lesiones var\u00eda seg\u00fan la edad, pero com\u00fanmente afecta <strong>\u00e1reas ricas en gl\u00e1ndulas seb\u00e1ceas <\/strong>como el cuero cabelludo, rostro, pliegues nasolabiales, retroauriculares, axilares e inguinales. En los adultos, tambi\u00e9n puede verse en las cejas, aletas nasales, p\u00e1rpados y parte superior del tronco.<\/p>\n\n\n\n<p class=\"has-text-align-center\"><strong><em><a href=\"https:\/\/www.farmaceuticos.com\/farmaceuticos\/farmacia\/vocalias\/dermofarmacia\/protocolos-de-actuacion\/\" target=\"_blank\" rel=\"noreferrer noopener\">Descarga aqu\u00ed el protocolo elaborado por Consejo General de Colegios de Farmac\u00e9uticos<\/a><\/em><\/strong><\/p>\n\n\n\n<p><\/p>\n\n\n\n<h3 class=\"wp-block-heading\"><span class=\"ez-toc-section\" id=\"Factores_de_Riesgo\"><\/span>Factores de Riesgo<span class=\"ez-toc-section-end\"><\/span><\/h3>\n\n\n\n<p>Varios factores pueden predisponer o exacerbar la dermatitis seborreica:<\/p>\n\n\n\n<ul class=\"wp-block-list\">\n<li><strong>Gen\u00e9tica<\/strong> <strong>y factores hormonales<\/strong> e inmunol\u00f3gicos.<\/li>\n\n\n\n<li><strong>Factores ambientale<\/strong>s como temperaturas extremas.<\/li>\n\n\n\n<li><strong>Medicamentos<\/strong> que pueden inducir o empeorar los s\u00edntomas.<\/li>\n\n\n\n<li><strong>Estr\u00e9s y emociones.<\/strong><\/li>\n\n\n\n<li><strong>Dieta <\/strong>desequilibrada, obesidad y consumo de alcohol.<\/li>\n<\/ul>\n\n\n\n<h3 class=\"wp-block-heading\"><span class=\"ez-toc-section\" id=\"Tratamientos_farmacologicos\"><\/span>Tratamientos farmacol\u00f3gicos<span class=\"ez-toc-section-end\"><\/span><\/h3>\n\n\n\n<div class=\"wp-block-group is-layout-constrained wp-block-group-is-layout-constrained\">\n<p><strong>Sulfuro de selenio:<\/strong> Su eficacia se debe a sus propiedades <strong>antif\u00fangicas<\/strong>, que ayudan a reducir la poblaci\u00f3n de <em>Malassezia<\/em> tambi\u00e9n puede <strong>disminuir la descamaci\u00f3n<\/strong> y <strong>aliviar el enrojecimiento y la irritaci\u00f3n.<\/strong><\/p>\n\n\n\n<p><strong>Piritiona de zinc:<\/strong> Debido a sus propiedades <strong>antif\u00fangicas y antimicrobianas<\/strong>, es efectivo al reducir la <em>Malassezia<\/em>, tambi\u00e9n ayuda a calmar el enrojecimiento y la irritaci\u00f3n de la piel, y contribuye a controlar la producci\u00f3n excesiva de sebo. Esto lo hace un componente valioso en <strong>champ\u00fas <\/strong>y otros productos destinados a tratar esta afecci\u00f3n.<\/p>\n\n\n\n<p><strong>Per\u00f3xidos de benzoilo:<\/strong> El per\u00f3xido de benzoilo es ampliamente reconocido por su efectividad en el tratamiento del acn\u00e9, pero tambi\u00e9n puede ser \u00fatil en el manejo de la dermatitis seborreica debido a sus propiedades <strong>antibacterianas y queratol\u00edticas.<\/strong><\/p>\n\n\n\n<p><strong>Medicamentos antif\u00fangicos<\/strong> (ketoconazol y fluconazol&#8230;): Destacan por su capacidad para <strong>controlar y reducir las poblaciones de <em>Malassezia<\/em>.<\/strong> Estos medicamentos pueden ser t\u00f3picos pero existen formulaciones orales en casos m\u00e1s severos o resistentes.<\/p>\n\n\n\n<p><strong>Corticosteroide<\/strong>s (hidrocortisona y betametasona&#8230;): Estos f\u00e1rmacos, aplicados t\u00f3picamente, pueden <strong>reducir r\u00e1pidamente el enrojecimiento, la hinchaz\u00f3n y la irritaci\u00f3n asociados con la dermatitis seborreica.<\/strong><\/p>\n\n\n\n<p><strong>Inhibidores de la calcineurina <\/strong>(tacrolimus, pimecrolimus): Son tratamientos efectivos para la dermatitis seborreica, especialmente en situaciones <strong>donde los corticosteroides no son adecuados o han fallado.<\/strong><\/p>\n<\/div>\n\n\n\n<figure class=\"wp-block-image aligncenter size-full\"><img loading=\"lazy\" decoding=\"async\" width=\"900\" height=\"500\" src=\"https:\/\/www.farmaciamoreo.com\/blog\/wp-content\/uploads\/2024\/11\/Dermatitis-seborreica-900x500-1-1.jpg\" alt=\"\" class=\"wp-image-1651\" srcset=\"https:\/\/www.farmaciamoreo.com\/blog\/wp-content\/uploads\/2024\/11\/Dermatitis-seborreica-900x500-1-1.jpg 900w, https:\/\/www.farmaciamoreo.com\/blog\/wp-content\/uploads\/2024\/11\/Dermatitis-seborreica-900x500-1-1-300x167.jpg 300w, https:\/\/www.farmaciamoreo.com\/blog\/wp-content\/uploads\/2024\/11\/Dermatitis-seborreica-900x500-1-1-768x427.jpg 768w\" sizes=\"auto, (max-width: 900px) 100vw, 900px\" \/><\/figure>\n\n\n\n<h3 class=\"wp-block-heading\"><span class=\"ez-toc-section\" id=\"Tratamientos_cosmeticos_coadyuvantes\"><\/span>Tratamientos cosm\u00e9ticos coadyuvantes.<span class=\"ez-toc-section-end\"><\/span><\/h3>\n\n\n\n<p>El uso de activos cosm\u00e9ticos como coadyuvantes en el tratamiento de la dermatitis seborreica puede ser de gran beneficio para manejar y mejorar esta condici\u00f3n cr\u00f3nica de la piel.<\/p>\n\n\n\n<p>Al incorporar estos productos en la rutina diaria, los pacientes pueden experimentar una <strong>disminuci\u00f3n en la intensidad y duraci\u00f3n de los brotes, as\u00ed como un aumento en el intervalo de tiempo entre ellos. <\/strong>Esto no solo mejora la calidad de vida de los pacientes, sino que tambi\u00e9n puede disminuir la dependencia de intervenciones farmacol\u00f3gicas m\u00e1s agresivas, las cuales pueden venir acompa\u00f1adas de efectos secundarios indeseados.<\/p>\n\n\n\n<p>Los<strong> activos cosm\u00e9ticos<\/strong> m\u00e1s destacados en el tratamiento de la dermatitis seborreica ser\u00edan: <\/p>\n\n\n\n<p><strong>\u00c1cido salic\u00edlico:<\/strong> Es efectivo para tratar la dermatitis seborreica gracias a sus propiedades <strong>queratol\u00edticas<\/strong>, que ayudan a exfoliar la piel y reducir la acumulaci\u00f3n de escamas. Adem\u00e1s, su acci\u00f3n <strong>antiinflamatoria <\/strong>y <strong>antif\u00fangica<\/strong> alivia el enrojecimiento, el picor y controla la proliferaci\u00f3n de levaduras asociadas con esta condici\u00f3n.<\/p>\n\n\n\n<p><strong>Niacinamida: <\/strong>Es beneficiosa para la dermatitis seborreica debido a sus propiedades <strong>antiinflamatorias<\/strong>, que ayudan a reducir el enrojecimiento y la irritaci\u00f3n. Tambi\u00e9n <strong>mejora la barrera cut\u00e1nea<\/strong>, aumentando la retenci\u00f3n de humedad y protegiendo la piel de irritantes externos.<\/p>\n\n\n\n<p><strong>Pirictona olamina:<\/strong> Sus <strong>potentes <\/strong>propiedades <strong>antif\u00fangicas<\/strong> reducen la poblaci\u00f3n de levaduras como Malassezia, com\u00fanmente asociadas con esta condici\u00f3n. Adem\u00e1s, ayuda a <strong>disminuir la inflamaci\u00f3n y el enrojecimiento de la piel.<\/strong><\/p>\n\n\n\n<p><strong>Zinc PCA:<\/strong> Es \u00fatil para la dermatitis seborreica gracias a sus propiedades <strong>seborreguladoras<\/strong> que ayudan a controlar el exceso de sebo, y sus efectos <strong>antimicrobianos<\/strong> que reducen la proliferaci\u00f3n de levaduras y bacterias asociadas con esta condici\u00f3n. Adem\u00e1s, tiene efectos <strong>calmantes <\/strong>que alivian la irritaci\u00f3n y el enrojecimiento de la piel.<\/p>\n\n\n\n<p><strong>Glicirricinato dipot\u00e1sico:<\/strong> Sus propiedades <strong>antiinflamatorias<\/strong> ayudan a reducir el enrojecimiento y la irritaci\u00f3n. Tambi\u00e9n posee efectos <strong>antial\u00e9rgicos y suavizantes <\/strong>que mejoran la salud general de la piel afectada.<\/p>\n\n\n\n<p><strong>Polidocanol: <\/strong>Es un compuesto utilizado por sus propiedades <strong>anest\u00e9sicas locales<\/strong> y como surfactante, ayudando a aliviar el prurito y proporcionar un efecto calmante sobre la piel irritada, caracter\u00edsticas especialmente \u00fatiles en el tratamiento de condiciones como la dermatitis seborreica.<\/p>\n\n\n\n<p><strong>Ictiol:<\/strong> es efectivo en el tratamiento de la dermatitis seborreica debido a sus propiedades<strong> antiinflamatorias<\/strong> y <strong>antibacterianas<\/strong>. Adem\u00e1s, tiene efecto <strong>queratol\u00edtico<\/strong> que promueven la limpieza de la piel al disolver las c\u00e9lulas muertas y otras impurezas.<\/p>\n\n\n\n<figure class=\"wp-block-image size-large\"><img loading=\"lazy\" decoding=\"async\" width=\"1024\" height=\"683\" src=\"https:\/\/www.farmaciamoreo.com\/blog\/wp-content\/uploads\/2024\/11\/imfarmacias_ducray_simplifica_rutina_35991_18121421-1024x683.png\" alt=\"\" class=\"wp-image-1653\" srcset=\"https:\/\/www.farmaciamoreo.com\/blog\/wp-content\/uploads\/2024\/11\/imfarmacias_ducray_simplifica_rutina_35991_18121421-1024x683.png 1024w, https:\/\/www.farmaciamoreo.com\/blog\/wp-content\/uploads\/2024\/11\/imfarmacias_ducray_simplifica_rutina_35991_18121421-300x200.png 300w, https:\/\/www.farmaciamoreo.com\/blog\/wp-content\/uploads\/2024\/11\/imfarmacias_ducray_simplifica_rutina_35991_18121421-768x512.png 768w, https:\/\/www.farmaciamoreo.com\/blog\/wp-content\/uploads\/2024\/11\/imfarmacias_ducray_simplifica_rutina_35991_18121421.png 1200w\" sizes=\"auto, (max-width: 1024px) 100vw, 1024px\" \/><\/figure>\n\n\n\n<h3 class=\"wp-block-heading\"><span class=\"ez-toc-section\" id=\"Consejos_farmaceuticos_para_la_dermatitis_seborreica\"><\/span>Consejos farmac\u00e9uticos para la dermatitis seborreica<span class=\"ez-toc-section-end\"><\/span><\/h3>\n\n\n\n<h4 class=\"wp-block-heading\"><span class=\"ez-toc-section\" id=\"Cuidado_del_Cabello_y_Cuero_Cabelludo\"><\/span>Cuidado del Cabello y Cuero Cabelludo<span class=\"ez-toc-section-end\"><\/span><\/h4>\n\n\n\n<ul class=\"wp-block-list\">\n<li><strong>Cepillado Suave<\/strong>: Utiliza peines y cepillos no agresivos para desenredar el cabello. Esto ayuda a prevenir la irritaci\u00f3n del cuero cabelludo sensible y reduce el riesgo de arrancar cabello involuntariamente, lo cual puede agravar la condici\u00f3n.<\/li>\n\n\n\n<li><strong>Secado Adecuado<\/strong>: Es crucial secar bien el cabello y el cuero cabelludo despu\u00e9s de cada lavado. La humedad residual puede promover el crecimiento de levaduras, exacerbando los s\u00edntomas de la dermatitis seborreica.<\/li>\n<\/ul>\n\n\n\n<h4 class=\"wp-block-heading\"><span class=\"ez-toc-section\" id=\"Higiene_Personal\"><\/span>Higiene Personal<span class=\"ez-toc-section-end\"><\/span><\/h4>\n\n\n\n<ul class=\"wp-block-list\">\n<li><strong>Cuidado de las U\u00f1as<\/strong>: Mant\u00e9n las u\u00f1as bien cortadas y limpias para evitar da\u00f1ar la piel al rascarte y prevenir la transmisi\u00f3n de bacterias que podr\u00edan causar sobreinfecciones.<\/li>\n<\/ul>\n\n\n\n<h4 class=\"wp-block-heading\"><span class=\"ez-toc-section\" id=\"Exposicion_Solar\"><\/span>Exposici\u00f3n Solar<span class=\"ez-toc-section-end\"><\/span><\/h4>\n\n\n\n<ul class=\"wp-block-list\">\n<li><strong>Sol y Protecci\u00f3n<\/strong>: La luz solar moderada es beneficiosa, pero siempre debe acompa\u00f1arse de una fotoprotecci\u00f3n adecuada para evitar el da\u00f1o solar, especialmente si est\u00e1s utilizando medicamentos que pueden aumentar la sensibilidad a la luz UV.<\/li>\n<\/ul>\n\n\n\n<h4 class=\"wp-block-heading\"><span class=\"ez-toc-section\" id=\"Actividad_Fisica_y_Dieta\"><\/span>Actividad F\u00edsica y Dieta<span class=\"ez-toc-section-end\"><\/span><\/h4>\n\n\n\n<ul class=\"wp-block-list\">\n<li><strong>Ejercicio al Aire Libre<\/strong>: La actividad f\u00edsica regular, especialmente al aire libre, puede mejorar la circulaci\u00f3n y la salud general de la piel.<\/li>\n\n\n\n<li><strong>Dieta Balanceada<\/strong>: Consume una dieta rica en antioxidantes para ayudar a combatir la inflamaci\u00f3n. Evita el alcohol y alimentos picantes o especiados que pueden desencadenar o empeorar los brotes.<\/li>\n<\/ul>\n\n\n\n<h4 class=\"wp-block-heading\"><span class=\"ez-toc-section\" id=\"Educacion_y_Apoyo\"><\/span>Educaci\u00f3n y Apoyo<span class=\"ez-toc-section-end\"><\/span><\/h4>\n\n\n\n<ul class=\"wp-block-list\">\n<li><strong>Informaci\u00f3n para Familiares<\/strong>: Es importante educar a los familiares sobre la naturaleza no contagiosa de la dermatitis seborreica. Esto puede ayudar a reducir el estigma y apoyar el bienestar emocional del paciente.<\/li>\n\n\n\n<li><strong>Autoestima<\/strong>: Fomentar un ambiente de apoyo puede ayudar a fortalecer la autoestima del paciente, que a menudo se ve afectada por las manifestaciones visibles de la enfermedad.<\/li>\n<\/ul>\n\n\n\n<h3 class=\"wp-block-heading\"><span class=\"ez-toc-section\" id=\"Rutina_cosmetica_para_la_dermatitis_seborreica\"><\/span>Rutina cosm\u00e9tica para la dermatitis seborreica.<span class=\"ez-toc-section-end\"><\/span><\/h3>\n\n\n\n<p><strong>Champ\u00fa<\/strong><\/p>\n\n\n\n<p class=\"has-text-align-center\"><strong><em><a href=\"https:\/\/www.farmaciamoreo.com\/champus\/3971-bemed-capilar-champu-caspa-grasa-ds-1-envase-150-ml.html\" target=\"_blank\" rel=\"noreferrer noopener\">BE+MED CAPILAR CHAMPU DS<\/a><\/em><\/strong><\/p>\n\n\n\n<figure class=\"wp-block-image aligncenter size-full\"><img loading=\"lazy\" decoding=\"async\" width=\"349\" height=\"427\" src=\"https:\/\/www.farmaciamoreo.com\/blog\/wp-content\/uploads\/2024\/11\/image-8.png\" alt=\"\" class=\"wp-image-1639\" srcset=\"https:\/\/www.farmaciamoreo.com\/blog\/wp-content\/uploads\/2024\/11\/image-8.png 349w, https:\/\/www.farmaciamoreo.com\/blog\/wp-content\/uploads\/2024\/11\/image-8-245x300.png 245w\" sizes=\"auto, (max-width: 349px) 100vw, 349px\" \/><\/figure>\n\n\n\n<p>&nbsp;El Be+ MED Champ\u00fa Caspa Grasa DS es excelente como coadyudante en la dermatitis seborreica en el cuero cabelludo. Incorpora Piroctona Olamina e Ictiol para una acci\u00f3n seborreguladora, \u00e1cido salic\u00edlico para la exfoliaci\u00f3n efectiva de las c\u00e9lulas muertas, y Polidocanol para aliviar el picor y la irritaci\u00f3n del cuero cabelludo. <\/p>\n\n\n\n<p>Adem\u00e1s, su f\u00f3rmula Be+ MED Hair Rebalance Complex contribuye a restablecer el equilibrio natural del cuero cabelludo. Se recomienda su uso tres veces por semana, aplicando en el cuero cabelludo h\u00famedo, dej\u00e1ndolo actuar por unos minutos antes de enjuagar.<\/p>\n\n\n\n<p><strong>Limpieza facial<\/strong><\/p>\n\n\n\n<p class=\"has-text-align-center\"><a href=\"https:\/\/www.farmaciamoreo.com\/higiene-facial\/4670-eucerin-dermopure-gel-limpiador-concentrado-triple-efecto-1-envase-400-ml.html\" target=\"_blank\" rel=\"noreferrer noopener\"><strong><em>EUCERIN DERMOPURE GEL LIMPIADOR CONCENTRADO TRIPLE EFECTO<\/em><\/strong><\/a><\/p>\n\n\n\n<figure class=\"wp-block-image aligncenter size-full\"><img loading=\"lazy\" decoding=\"async\" width=\"143\" height=\"426\" src=\"https:\/\/www.farmaciamoreo.com\/blog\/wp-content\/uploads\/2024\/11\/image-9.png\" alt=\"\" class=\"wp-image-1640\" srcset=\"https:\/\/www.farmaciamoreo.com\/blog\/wp-content\/uploads\/2024\/11\/image-9.png 143w, https:\/\/www.farmaciamoreo.com\/blog\/wp-content\/uploads\/2024\/11\/image-9-101x300.png 101w\" sizes=\"auto, (max-width: 143px) 100vw, 143px\" \/><\/figure>\n\n\n\n<p>El Eucerin DermoPure Gel Limpiador Concentrado Triple Efecto ofrece una limpieza profunda especialmente formulada para pieles propensas dermatitis seborreica. <\/p>\n\n\n\n<p>Con un 2% de \u00e1cido salic\u00edlico, trabaja eficazmente para reducir impurezas y desobstruir poros. Los \u00e1cidos AHA\/BHA\/PHA exfolian y ayudan a atenuar las manchas de hiperpigmentaci\u00f3n postinflamatoria, mientras que su capacidad de limpieza elimina el exceso de sebo, suciedad y maquillaje.<\/p>\n\n\n\n<p><strong>Crema de tratamiento<\/strong><\/p>\n\n\n\n<p class=\"has-text-align-center\"><strong><em><a href=\"https:\/\/www.farmaciamoreo.com\/cremas-farmacia-serums\/2010-nutradeica-gel-crema-facial-50-ml.html\" target=\"_blank\" rel=\"noreferrer noopener\">NUTRADEICA GEL CREMA FACIAL<\/a><\/em><\/strong><\/p>\n\n\n\n<figure class=\"wp-block-image aligncenter size-full\"><img loading=\"lazy\" decoding=\"async\" width=\"217\" height=\"458\" src=\"https:\/\/www.farmaciamoreo.com\/blog\/wp-content\/uploads\/2024\/11\/image-10.png\" alt=\"\" class=\"wp-image-1641\" srcset=\"https:\/\/www.farmaciamoreo.com\/blog\/wp-content\/uploads\/2024\/11\/image-10.png 217w, https:\/\/www.farmaciamoreo.com\/blog\/wp-content\/uploads\/2024\/11\/image-10-142x300.png 142w\" sizes=\"auto, (max-width: 217px) 100vw, 217px\" \/><\/figure>\n\n\n\n<p>El NUTRADEICA Gel Crema Facial est\u00e1 dise\u00f1ado para controlar efectivamente la seborrea, reduciendo el exceso de sebo y previniendo la descamaci\u00f3n. <\/p>\n\n\n\n<p>Su f\u00f3rmula contiene ingredientes antiinflamatorios que alivian el picor y la rojez, proporcionando un confort inmediato a la piel. <\/p>\n\n\n\n<p>Ofrece un efecto matificante gracias a su textura ligera que se absorbe r\u00e1pidamente y deja un acabado mate. <\/p>\n\n\n\n<p><strong>Protecci\u00f3n solar<\/strong><\/p>\n\n\n\n<p class=\"has-text-align-center\"><strong><em><a href=\"https:\/\/www.farmaciamoreo.com\/facial\/2588-eucerin-sun-protection-50-gel-creme-rostro-oil-control-50-ml.html\" target=\"_blank\" rel=\"noreferrer noopener\">EUCERIN SUN PROTECTION 50+ GEL CREMA ROSTRO OIL CONTROL<\/a><\/em><\/strong><\/p>\n\n\n\n<figure class=\"wp-block-image aligncenter size-full\"><img loading=\"lazy\" decoding=\"async\" width=\"147\" height=\"402\" src=\"https:\/\/www.farmaciamoreo.com\/blog\/wp-content\/uploads\/2024\/11\/image-11.png\" alt=\"\" class=\"wp-image-1642\" srcset=\"https:\/\/www.farmaciamoreo.com\/blog\/wp-content\/uploads\/2024\/11\/image-11.png 147w, https:\/\/www.farmaciamoreo.com\/blog\/wp-content\/uploads\/2024\/11\/image-11-110x300.png 110w\" sizes=\"auto, (max-width: 147px) 100vw, 147px\" \/><\/figure>\n\n\n\n<p>El Eucerin Sun Protection 50+ Gel-Creme Rostro Oil Control es ideal para pieles grasas. Gracias a la Advanced Spectral Technology, este protector solar protege eficazmente contra los rayos UVA y UVB, y la luz HEVL, mientras estimula la reparaci\u00f3n del ADN de la piel. <\/p>\n\n\n\n<p>La tecnolog\u00eda Oil Control ayuda a regular la producci\u00f3n de sebo, manteniendo la piel matificada. Entre sus ingredientes clave se encuentra el Licochalcon A, que neutraliza los radicales libres generados por la radiaci\u00f3n solar.<\/p>\n\n\n\n<p><strong>Costra lactea en bebes<\/strong><\/p>\n\n\n\n<p class=\"has-text-align-center\"><strong><em><a href=\"https:\/\/www.farmaciamoreo.com\/cremas-farmacia-serums\/1326-kelual-ducray-emulsion-50-g.html\" target=\"_blank\" rel=\"noreferrer noopener\">KELUAL DUCRAY EMULSION<\/a><\/em><\/strong><\/p>\n\n\n\n<figure class=\"wp-block-image aligncenter size-full\"><img loading=\"lazy\" decoding=\"async\" width=\"164\" height=\"261\" src=\"https:\/\/www.farmaciamoreo.com\/blog\/wp-content\/uploads\/2024\/11\/image-12.png\" alt=\"\" class=\"wp-image-1644\"\/><\/figure>\n\n\n\n<p>La emulsi\u00f3n KELUAL de Ducray es un tratamiento dise\u00f1ado espec\u00edficamente para la costra l\u00e1ctea en beb\u00e9s, ofreciendo una eliminaci\u00f3n eficaz y delicada de esta condici\u00f3n del cuero cabelludo. <\/p>\n\n\n\n<p>Su f\u00f3rmula contiene KELUAMIDA y glicerina, que no solo ayudan a remover la costra l\u00e1ctea suavemente, sino que tambi\u00e9n proporcionan hidrataci\u00f3n y suavizan la piel. <\/p>\n\n\n\n<p>Esta emulsi\u00f3n alivia y reduce las escamas, ofreciendo confort al cuero cabelludo del beb\u00e9. Su textura ligera, no grasa y no pegajosa facilita la aplicaci\u00f3n y asegura un uso c\u00f3modo. Adem\u00e1s, es una f\u00f3rmula segura y tolerable, libre de perfume y alcohol, probada dermatol\u00f3gica y pedi\u00e1tricamente.<\/p>\n\n\n\n<p><\/p>\n\n\n\n<h3 class=\"wp-block-heading\"><span class=\"ez-toc-section\" id=\"Conclusion\"><\/span>Conclusi\u00f3n<span class=\"ez-toc-section-end\"><\/span><\/h3>\n\n\n\n<p>Aunque la dermatitis seborreica es una condici\u00f3n cr\u00f3nica, con un enfoque integrado que incluye tanto tratamientos m\u00e9dicos como ajustes en el estilo de vida, se puede lograr un manejo efectivo de los s\u00edntomas y mejorar significativamente la calidad de vida de quienes la padecen.<\/p>\n\n\n\n<p>En la<strong> Farmacia Moreo<\/strong>, estamos siempre a vuestra disposici\u00f3n para ayudaros y orientaros sobre esta patolog\u00eda o cualquier otra preocupaci\u00f3n de salud que teng\u00e1is. No dud\u00e9is en visitarnos o contactarnos para obtener m\u00e1s informaci\u00f3n y asesoramiento personalizado. Nuestro objetivo es acompa\u00f1aros en el camino hacia el bienestar. <strong>\u00a1Gracias por confiar en nosotros y hasta pronto!<\/strong><\/p>\n\n\n\n<p><\/p>\n","protected":false},"excerpt":{"rendered":"<p>En nuestra entrada de blog de hoy en Cosm\u00e9tica Independiente, abordaremos una patolog\u00eda dermatol\u00f3gica no tan conocida pero de considerable importancia debido a sus marcadas manifestaciones en la piel. Esta condici\u00f3n tiene un impacto importante en la poblaci\u00f3n en general sobre todo en los bebes (en estos casos es mas conocida como costra l\u00e1ctea). Esta [&hellip;]<\/p>\n","protected":false},"author":2,"featured_media":1648,"comment_status":"open","ping_status":"open","sticky":false,"template":"","format":"standard","meta":{"footnotes":""},"categories":[4,36],"tags":[],"class_list":["post-1632","post","type-post","status-publish","format-standard","has-post-thumbnail","hentry","category-cosmetica-independiente","category-dermatitis-seborreica"],"yoast_head":"<!-- This site is optimized with the Yoast SEO plugin v22.4 - https:\/\/yoast.com\/wordpress\/plugins\/seo\/ -->\n<title>Dermatitis Seborreica: Entendiendo y Tratando una Condici\u00f3n Cr\u00f3nica - Cosm\u00e9tica Independiente - Blog de Farmacia Moreo<\/title>\n<meta name=\"description\" content=\"Descubre en nuestro blog una patolog\u00eda dermatol\u00f3gica importante: origen, impacto, y tratamientos efectivos. Consejos \u00fatiles.\" \/>\n<meta name=\"robots\" content=\"index, follow, max-snippet:-1, max-image-preview:large, max-video-preview:-1\" \/>\n<link rel=\"canonical\" href=\"https:\/\/www.farmaciamoreo.com\/blog\/dermatitis-seborreica-tratamiento\/\" \/>\n<meta property=\"og:locale\" content=\"es_ES\" \/>\n<meta property=\"og:type\" content=\"article\" \/>\n<meta property=\"og:title\" content=\"Dermatitis Seborreica: Entendiendo y Tratando una Condici\u00f3n Cr\u00f3nica - Cosm\u00e9tica Independiente - Blog de Farmacia Moreo\" \/>\n<meta property=\"og:description\" content=\"Descubre en nuestro blog una patolog\u00eda dermatol\u00f3gica importante: origen, impacto, y tratamientos efectivos. Consejos \u00fatiles.\" \/>\n<meta property=\"og:url\" content=\"https:\/\/www.farmaciamoreo.com\/blog\/dermatitis-seborreica-tratamiento\/\" \/>\n<meta property=\"og:site_name\" content=\"Cosm\u00e9tica Independiente - Blog de Farmacia Moreo\" \/>\n<meta property=\"article:published_time\" content=\"2024-11-19T13:24:29+00:00\" \/>\n<meta property=\"article:modified_time\" content=\"2026-02-16T11:57:58+00:00\" \/>\n<meta property=\"og:image\" content=\"https:\/\/www.farmaciamoreo.com\/blog\/wp-content\/uploads\/2024\/11\/Captura-de-pantalla-2024-11-19-142338.png\" \/>\n\t<meta property=\"og:image:width\" content=\"547\" \/>\n\t<meta property=\"og:image:height\" content=\"765\" \/>\n\t<meta property=\"og:image:type\" content=\"image\/png\" \/>\n<meta name=\"author\" content=\"Miguel Montero\" \/>\n<meta name=\"twitter:card\" content=\"summary_large_image\" \/>\n<meta name=\"twitter:label1\" content=\"Escrito por\" \/>\n\t<meta name=\"twitter:data1\" content=\"Miguel Montero\" \/>\n\t<meta name=\"twitter:label2\" content=\"Tiempo de lectura\" \/>\n\t<meta name=\"twitter:data2\" content=\"10 minutos\" \/>\n<script type=\"application\/ld+json\" class=\"yoast-schema-graph\">{\"@context\":\"https:\/\/schema.org\",\"@graph\":[{\"@type\":\"Article\",\"@id\":\"https:\/\/www.farmaciamoreo.com\/blog\/dermatitis-seborreica-tratamiento\/#article\",\"isPartOf\":{\"@id\":\"https:\/\/www.farmaciamoreo.com\/blog\/dermatitis-seborreica-tratamiento\/\"},\"author\":{\"name\":\"Miguel Montero\",\"@id\":\"https:\/\/www.farmaciamoreo.com\/blog\/#\/schema\/person\/a85bf69552ab311f84be594eda459a46\"},\"headline\":\"Dermatitis Seborreica: Entendiendo y Tratando una Condici\u00f3n Cr\u00f3nica\",\"datePublished\":\"2024-11-19T13:24:29+00:00\",\"dateModified\":\"2026-02-16T11:57:58+00:00\",\"mainEntityOfPage\":{\"@id\":\"https:\/\/www.farmaciamoreo.com\/blog\/dermatitis-seborreica-tratamiento\/\"},\"wordCount\":1991,\"commentCount\":0,\"publisher\":{\"@id\":\"https:\/\/www.farmaciamoreo.com\/blog\/#organization\"},\"image\":{\"@id\":\"https:\/\/www.farmaciamoreo.com\/blog\/dermatitis-seborreica-tratamiento\/#primaryimage\"},\"thumbnailUrl\":\"https:\/\/www.farmaciamoreo.com\/blog\/wp-content\/uploads\/2024\/11\/Captura-de-pantalla-2024-11-19-142338.png\",\"articleSection\":[\"Cosm\u00e9tica independiente\",\"Dermatitis seborreica\"],\"inLanguage\":\"es\",\"potentialAction\":[{\"@type\":\"CommentAction\",\"name\":\"Comment\",\"target\":[\"https:\/\/www.farmaciamoreo.com\/blog\/dermatitis-seborreica-tratamiento\/#respond\"]}]},{\"@type\":\"WebPage\",\"@id\":\"https:\/\/www.farmaciamoreo.com\/blog\/dermatitis-seborreica-tratamiento\/\",\"url\":\"https:\/\/www.farmaciamoreo.com\/blog\/dermatitis-seborreica-tratamiento\/\",\"name\":\"Dermatitis Seborreica: Entendiendo y Tratando una Condici\u00f3n Cr\u00f3nica - Cosm\u00e9tica Independiente - Blog de Farmacia Moreo\",\"isPartOf\":{\"@id\":\"https:\/\/www.farmaciamoreo.com\/blog\/#website\"},\"primaryImageOfPage\":{\"@id\":\"https:\/\/www.farmaciamoreo.com\/blog\/dermatitis-seborreica-tratamiento\/#primaryimage\"},\"image\":{\"@id\":\"https:\/\/www.farmaciamoreo.com\/blog\/dermatitis-seborreica-tratamiento\/#primaryimage\"},\"thumbnailUrl\":\"https:\/\/www.farmaciamoreo.com\/blog\/wp-content\/uploads\/2024\/11\/Captura-de-pantalla-2024-11-19-142338.png\",\"datePublished\":\"2024-11-19T13:24:29+00:00\",\"dateModified\":\"2026-02-16T11:57:58+00:00\",\"description\":\"Descubre en nuestro blog una patolog\u00eda dermatol\u00f3gica importante: origen, impacto, y tratamientos efectivos. Consejos \u00fatiles.\",\"breadcrumb\":{\"@id\":\"https:\/\/www.farmaciamoreo.com\/blog\/dermatitis-seborreica-tratamiento\/#breadcrumb\"},\"inLanguage\":\"es\",\"potentialAction\":[{\"@type\":\"ReadAction\",\"target\":[\"https:\/\/www.farmaciamoreo.com\/blog\/dermatitis-seborreica-tratamiento\/\"]}]},{\"@type\":\"ImageObject\",\"inLanguage\":\"es\",\"@id\":\"https:\/\/www.farmaciamoreo.com\/blog\/dermatitis-seborreica-tratamiento\/#primaryimage\",\"url\":\"https:\/\/www.farmaciamoreo.com\/blog\/wp-content\/uploads\/2024\/11\/Captura-de-pantalla-2024-11-19-142338.png\",\"contentUrl\":\"https:\/\/www.farmaciamoreo.com\/blog\/wp-content\/uploads\/2024\/11\/Captura-de-pantalla-2024-11-19-142338.png\",\"width\":547,\"height\":765},{\"@type\":\"BreadcrumbList\",\"@id\":\"https:\/\/www.farmaciamoreo.com\/blog\/dermatitis-seborreica-tratamiento\/#breadcrumb\",\"itemListElement\":[{\"@type\":\"ListItem\",\"position\":1,\"name\":\"Portada\",\"item\":\"https:\/\/www.farmaciamoreo.com\/blog\/\"},{\"@type\":\"ListItem\",\"position\":2,\"name\":\"Dermatitis Seborreica: Entendiendo y Tratando una Condici\u00f3n Cr\u00f3nica\"}]},{\"@type\":\"WebSite\",\"@id\":\"https:\/\/www.farmaciamoreo.com\/blog\/#website\",\"url\":\"https:\/\/www.farmaciamoreo.com\/blog\/\",\"name\":\"Cosm\u00e9tica Independiente - Blog de Farmacia Moreo\",\"description\":\"Cosm\u00e9tica Independiente - Blog de Farmacia Moreo\",\"publisher\":{\"@id\":\"https:\/\/www.farmaciamoreo.com\/blog\/#organization\"},\"potentialAction\":[{\"@type\":\"SearchAction\",\"target\":{\"@type\":\"EntryPoint\",\"urlTemplate\":\"https:\/\/www.farmaciamoreo.com\/blog\/?s={search_term_string}\"},\"query-input\":\"required name=search_term_string\"}],\"inLanguage\":\"es\"},{\"@type\":\"Organization\",\"@id\":\"https:\/\/www.farmaciamoreo.com\/blog\/#organization\",\"name\":\"Farmacia Moreo\",\"url\":\"https:\/\/www.farmaciamoreo.com\/blog\/\",\"logo\":{\"@type\":\"ImageObject\",\"inLanguage\":\"es\",\"@id\":\"https:\/\/www.farmaciamoreo.com\/blog\/#\/schema\/logo\/image\/\",\"url\":\"https:\/\/www.farmaciamoreo.com\/blog\/wp-content\/uploads\/2023\/02\/farmacia-moreo-logo-1642152766.png\",\"contentUrl\":\"https:\/\/www.farmaciamoreo.com\/blog\/wp-content\/uploads\/2023\/02\/farmacia-moreo-logo-1642152766.png\",\"width\":200,\"height\":161,\"caption\":\"Farmacia Moreo\"},\"image\":{\"@id\":\"https:\/\/www.farmaciamoreo.com\/blog\/#\/schema\/logo\/image\/\"},\"sameAs\":[\"https:\/\/www.instagram.com\/farmaciacarmenmoreo\/\"]},{\"@type\":\"Person\",\"@id\":\"https:\/\/www.farmaciamoreo.com\/blog\/#\/schema\/person\/a85bf69552ab311f84be594eda459a46\",\"name\":\"Miguel Montero\",\"image\":{\"@type\":\"ImageObject\",\"inLanguage\":\"es\",\"@id\":\"https:\/\/www.farmaciamoreo.com\/blog\/#\/schema\/person\/image\/\",\"url\":\"https:\/\/secure.gravatar.com\/avatar\/9d2db4a6adcb3298e2e593cb4a22ab03cb0fe923c751d173f70489e1ae4ba697?s=96&d=mm&r=g\",\"contentUrl\":\"https:\/\/secure.gravatar.com\/avatar\/9d2db4a6adcb3298e2e593cb4a22ab03cb0fe923c751d173f70489e1ae4ba697?s=96&d=mm&r=g\",\"caption\":\"Miguel Montero\"},\"description\":\"Farmac\u00e9utico, especialista en cosm\u00e9tica y t\u00e9cnico en ortopedia. Vocal de Dermofarmacia del Colegio Oficial de Farmac\u00e9uticos de Zaragoza. Gerente en Farmacia Moreo.\",\"sameAs\":[\"http:\/\/www.farmaciamoreo.com\",\"https:\/\/www.instagram.com\/farmaciacarmenmoreo\/?hl=es\",\"linkedin.com\/in\/miguel-montero-moreo-17327a267\",\"https:\/\/www.youtube.com\/@farmaciamoreo4965\"],\"url\":\"https:\/\/www.farmaciamoreo.com\/blog\/author\/miguel\/\"}]}<\/script>\n<!-- \/ Yoast SEO plugin. -->","yoast_head_json":{"title":"Dermatitis Seborreica: Entendiendo y Tratando una Condici\u00f3n Cr\u00f3nica - Cosm\u00e9tica Independiente - Blog de Farmacia Moreo","description":"Descubre en nuestro blog una patolog\u00eda dermatol\u00f3gica importante: origen, impacto, y tratamientos efectivos. Consejos \u00fatiles.","robots":{"index":"index","follow":"follow","max-snippet":"max-snippet:-1","max-image-preview":"max-image-preview:large","max-video-preview":"max-video-preview:-1"},"canonical":"https:\/\/www.farmaciamoreo.com\/blog\/dermatitis-seborreica-tratamiento\/","og_locale":"es_ES","og_type":"article","og_title":"Dermatitis Seborreica: Entendiendo y Tratando una Condici\u00f3n Cr\u00f3nica - Cosm\u00e9tica Independiente - Blog de Farmacia Moreo","og_description":"Descubre en nuestro blog una patolog\u00eda dermatol\u00f3gica importante: origen, impacto, y tratamientos efectivos. Consejos \u00fatiles.","og_url":"https:\/\/www.farmaciamoreo.com\/blog\/dermatitis-seborreica-tratamiento\/","og_site_name":"Cosm\u00e9tica Independiente - Blog de Farmacia Moreo","article_published_time":"2024-11-19T13:24:29+00:00","article_modified_time":"2026-02-16T11:57:58+00:00","og_image":[{"width":547,"height":765,"url":"https:\/\/www.farmaciamoreo.com\/blog\/wp-content\/uploads\/2024\/11\/Captura-de-pantalla-2024-11-19-142338.png","type":"image\/png"}],"author":"Miguel Montero","twitter_card":"summary_large_image","twitter_misc":{"Escrito por":"Miguel Montero","Tiempo de lectura":"10 minutos"},"schema":{"@context":"https:\/\/schema.org","@graph":[{"@type":"Article","@id":"https:\/\/www.farmaciamoreo.com\/blog\/dermatitis-seborreica-tratamiento\/#article","isPartOf":{"@id":"https:\/\/www.farmaciamoreo.com\/blog\/dermatitis-seborreica-tratamiento\/"},"author":{"name":"Miguel Montero","@id":"https:\/\/www.farmaciamoreo.com\/blog\/#\/schema\/person\/a85bf69552ab311f84be594eda459a46"},"headline":"Dermatitis Seborreica: Entendiendo y Tratando una Condici\u00f3n Cr\u00f3nica","datePublished":"2024-11-19T13:24:29+00:00","dateModified":"2026-02-16T11:57:58+00:00","mainEntityOfPage":{"@id":"https:\/\/www.farmaciamoreo.com\/blog\/dermatitis-seborreica-tratamiento\/"},"wordCount":1991,"commentCount":0,"publisher":{"@id":"https:\/\/www.farmaciamoreo.com\/blog\/#organization"},"image":{"@id":"https:\/\/www.farmaciamoreo.com\/blog\/dermatitis-seborreica-tratamiento\/#primaryimage"},"thumbnailUrl":"https:\/\/www.farmaciamoreo.com\/blog\/wp-content\/uploads\/2024\/11\/Captura-de-pantalla-2024-11-19-142338.png","articleSection":["Cosm\u00e9tica independiente","Dermatitis seborreica"],"inLanguage":"es","potentialAction":[{"@type":"CommentAction","name":"Comment","target":["https:\/\/www.farmaciamoreo.com\/blog\/dermatitis-seborreica-tratamiento\/#respond"]}]},{"@type":"WebPage","@id":"https:\/\/www.farmaciamoreo.com\/blog\/dermatitis-seborreica-tratamiento\/","url":"https:\/\/www.farmaciamoreo.com\/blog\/dermatitis-seborreica-tratamiento\/","name":"Dermatitis Seborreica: Entendiendo y Tratando una Condici\u00f3n Cr\u00f3nica - Cosm\u00e9tica Independiente - Blog de Farmacia Moreo","isPartOf":{"@id":"https:\/\/www.farmaciamoreo.com\/blog\/#website"},"primaryImageOfPage":{"@id":"https:\/\/www.farmaciamoreo.com\/blog\/dermatitis-seborreica-tratamiento\/#primaryimage"},"image":{"@id":"https:\/\/www.farmaciamoreo.com\/blog\/dermatitis-seborreica-tratamiento\/#primaryimage"},"thumbnailUrl":"https:\/\/www.farmaciamoreo.com\/blog\/wp-content\/uploads\/2024\/11\/Captura-de-pantalla-2024-11-19-142338.png","datePublished":"2024-11-19T13:24:29+00:00","dateModified":"2026-02-16T11:57:58+00:00","description":"Descubre en nuestro blog una patolog\u00eda dermatol\u00f3gica importante: origen, impacto, y tratamientos efectivos. Consejos \u00fatiles.","breadcrumb":{"@id":"https:\/\/www.farmaciamoreo.com\/blog\/dermatitis-seborreica-tratamiento\/#breadcrumb"},"inLanguage":"es","potentialAction":[{"@type":"ReadAction","target":["https:\/\/www.farmaciamoreo.com\/blog\/dermatitis-seborreica-tratamiento\/"]}]},{"@type":"ImageObject","inLanguage":"es","@id":"https:\/\/www.farmaciamoreo.com\/blog\/dermatitis-seborreica-tratamiento\/#primaryimage","url":"https:\/\/www.farmaciamoreo.com\/blog\/wp-content\/uploads\/2024\/11\/Captura-de-pantalla-2024-11-19-142338.png","contentUrl":"https:\/\/www.farmaciamoreo.com\/blog\/wp-content\/uploads\/2024\/11\/Captura-de-pantalla-2024-11-19-142338.png","width":547,"height":765},{"@type":"BreadcrumbList","@id":"https:\/\/www.farmaciamoreo.com\/blog\/dermatitis-seborreica-tratamiento\/#breadcrumb","itemListElement":[{"@type":"ListItem","position":1,"name":"Portada","item":"https:\/\/www.farmaciamoreo.com\/blog\/"},{"@type":"ListItem","position":2,"name":"Dermatitis Seborreica: Entendiendo y Tratando una Condici\u00f3n Cr\u00f3nica"}]},{"@type":"WebSite","@id":"https:\/\/www.farmaciamoreo.com\/blog\/#website","url":"https:\/\/www.farmaciamoreo.com\/blog\/","name":"Cosm\u00e9tica Independiente - Blog de Farmacia Moreo","description":"Cosm\u00e9tica Independiente - Blog de Farmacia Moreo","publisher":{"@id":"https:\/\/www.farmaciamoreo.com\/blog\/#organization"},"potentialAction":[{"@type":"SearchAction","target":{"@type":"EntryPoint","urlTemplate":"https:\/\/www.farmaciamoreo.com\/blog\/?s={search_term_string}"},"query-input":"required name=search_term_string"}],"inLanguage":"es"},{"@type":"Organization","@id":"https:\/\/www.farmaciamoreo.com\/blog\/#organization","name":"Farmacia Moreo","url":"https:\/\/www.farmaciamoreo.com\/blog\/","logo":{"@type":"ImageObject","inLanguage":"es","@id":"https:\/\/www.farmaciamoreo.com\/blog\/#\/schema\/logo\/image\/","url":"https:\/\/www.farmaciamoreo.com\/blog\/wp-content\/uploads\/2023\/02\/farmacia-moreo-logo-1642152766.png","contentUrl":"https:\/\/www.farmaciamoreo.com\/blog\/wp-content\/uploads\/2023\/02\/farmacia-moreo-logo-1642152766.png","width":200,"height":161,"caption":"Farmacia Moreo"},"image":{"@id":"https:\/\/www.farmaciamoreo.com\/blog\/#\/schema\/logo\/image\/"},"sameAs":["https:\/\/www.instagram.com\/farmaciacarmenmoreo\/"]},{"@type":"Person","@id":"https:\/\/www.farmaciamoreo.com\/blog\/#\/schema\/person\/a85bf69552ab311f84be594eda459a46","name":"Miguel Montero","image":{"@type":"ImageObject","inLanguage":"es","@id":"https:\/\/www.farmaciamoreo.com\/blog\/#\/schema\/person\/image\/","url":"https:\/\/secure.gravatar.com\/avatar\/9d2db4a6adcb3298e2e593cb4a22ab03cb0fe923c751d173f70489e1ae4ba697?s=96&d=mm&r=g","contentUrl":"https:\/\/secure.gravatar.com\/avatar\/9d2db4a6adcb3298e2e593cb4a22ab03cb0fe923c751d173f70489e1ae4ba697?s=96&d=mm&r=g","caption":"Miguel Montero"},"description":"Farmac\u00e9utico, especialista en cosm\u00e9tica y t\u00e9cnico en ortopedia. Vocal de Dermofarmacia del Colegio Oficial de Farmac\u00e9uticos de Zaragoza. Gerente en Farmacia Moreo.","sameAs":["http:\/\/www.farmaciamoreo.com","https:\/\/www.instagram.com\/farmaciacarmenmoreo\/?hl=es","linkedin.com\/in\/miguel-montero-moreo-17327a267","https:\/\/www.youtube.com\/@farmaciamoreo4965"],"url":"https:\/\/www.farmaciamoreo.com\/blog\/author\/miguel\/"}]}},"_links":{"self":[{"href":"https:\/\/www.farmaciamoreo.com\/blog\/wp-json\/wp\/v2\/posts\/1632","targetHints":{"allow":["GET"]}}],"collection":[{"href":"https:\/\/www.farmaciamoreo.com\/blog\/wp-json\/wp\/v2\/posts"}],"about":[{"href":"https:\/\/www.farmaciamoreo.com\/blog\/wp-json\/wp\/v2\/types\/post"}],"author":[{"embeddable":true,"href":"https:\/\/www.farmaciamoreo.com\/blog\/wp-json\/wp\/v2\/users\/2"}],"replies":[{"embeddable":true,"href":"https:\/\/www.farmaciamoreo.com\/blog\/wp-json\/wp\/v2\/comments?post=1632"}],"version-history":[{"count":13,"href":"https:\/\/www.farmaciamoreo.com\/blog\/wp-json\/wp\/v2\/posts\/1632\/revisions"}],"predecessor-version":[{"id":2214,"href":"https:\/\/www.farmaciamoreo.com\/blog\/wp-json\/wp\/v2\/posts\/1632\/revisions\/2214"}],"wp:featuredmedia":[{"embeddable":true,"href":"https:\/\/www.farmaciamoreo.com\/blog\/wp-json\/wp\/v2\/media\/1648"}],"wp:attachment":[{"href":"https:\/\/www.farmaciamoreo.com\/blog\/wp-json\/wp\/v2\/media?parent=1632"}],"wp:term":[{"taxonomy":"category","embeddable":true,"href":"https:\/\/www.farmaciamoreo.com\/blog\/wp-json\/wp\/v2\/categories?post=1632"},{"taxonomy":"post_tag","embeddable":true,"href":"https:\/\/www.farmaciamoreo.com\/blog\/wp-json\/wp\/v2\/tags?post=1632"}],"curies":[{"name":"wp","href":"https:\/\/api.w.org\/{rel}","templated":true}]}}