{"id":1615,"date":"2024-11-13T06:35:29","date_gmt":"2024-11-13T06:35:29","guid":{"rendered":"https:\/\/www.farmaciamoreo.com\/blog\/?p=1615"},"modified":"2024-11-13T12:28:53","modified_gmt":"2024-11-13T12:28:53","slug":"tratamiento-capilar-precio-en-zaragoza","status":"publish","type":"post","link":"https:\/\/www.farmaciamoreo.com\/blog\/tratamiento-capilar-precio-en-zaragoza\/","title":{"rendered":"Tratamiento capilar precio en Zaragoza"},"content":{"rendered":"<div id=\"ez-toc-container\" class=\"ez-toc-v2_0_67_1 counter-hierarchy ez-toc-counter ez-toc-white ez-toc-container-direction\">\n<div class=\"ez-toc-title-container\">\n<p class=\"ez-toc-title \" >Contenido<\/p>\n<span class=\"ez-toc-title-toggle\"><a href=\"#\" class=\"ez-toc-pull-right ez-toc-btn ez-toc-btn-xs ez-toc-btn-default ez-toc-toggle\" aria-label=\"Toggle Table of Content\"><span class=\"ez-toc-js-icon-con\"><span class=\"\"><span class=\"eztoc-hide\" style=\"display:none;\">Toggle<\/span><span class=\"ez-toc-icon-toggle-span\"><svg style=\"fill: #999;color:#999\" xmlns=\"http:\/\/www.w3.org\/2000\/svg\" class=\"list-377408\" width=\"20px\" height=\"20px\" viewBox=\"0 0 24 24\" fill=\"none\"><path d=\"M6 6H4v2h2V6zm14 0H8v2h12V6zM4 11h2v2H4v-2zm16 0H8v2h12v-2zM4 16h2v2H4v-2zm16 0H8v2h12v-2z\" fill=\"currentColor\"><\/path><\/svg><svg style=\"fill: #999;color:#999\" class=\"arrow-unsorted-368013\" xmlns=\"http:\/\/www.w3.org\/2000\/svg\" width=\"10px\" height=\"10px\" viewBox=\"0 0 24 24\" version=\"1.2\" baseProfile=\"tiny\"><path d=\"M18.2 9.3l-6.2-6.3-6.2 6.3c-.2.2-.3.4-.3.7s.1.5.3.7c.2.2.4.3.7.3h11c.3 0 .5-.1.7-.3.2-.2.3-.5.3-.7s-.1-.5-.3-.7zM5.8 14.7l6.2 6.3 6.2-6.3c.2-.2.3-.5.3-.7s-.1-.5-.3-.7c-.2-.2-.4-.3-.7-.3h-11c-.3 0-.5.1-.7.3-.2.2-.3.5-.3.7s.1.5.3.7z\"\/><\/svg><\/span><\/span><\/span><\/a><\/span><\/div>\n<nav><ul class='ez-toc-list ez-toc-list-level-1 ' ><li class='ez-toc-page-1 ez-toc-heading-level-2'><a class=\"ez-toc-link ez-toc-heading-1\" href=\"https:\/\/www.farmaciamoreo.com\/blog\/tratamiento-capilar-precio-en-zaragoza\/#Tratamiento_capilar_precio_en_Farmacia_Moreo\" title=\"Tratamiento capilar precio en Farmacia Moreo\">Tratamiento capilar precio en Farmacia Moreo<\/a><ul class='ez-toc-list-level-3' ><li class='ez-toc-heading-level-3'><a class=\"ez-toc-link ez-toc-heading-2\" href=\"https:\/\/www.farmaciamoreo.com\/blog\/tratamiento-capilar-precio-en-zaragoza\/#Mas_tratamientos_capilares_en_Farmacia_Moreo_en_Zaragoza\" title=\"M\u00e1s tratamientos capilares en Farmacia Moreo en Zaragoza\">M\u00e1s tratamientos capilares en Farmacia Moreo en Zaragoza<\/a><ul class='ez-toc-list-level-4' ><li class='ez-toc-heading-level-4'><a class=\"ez-toc-link ez-toc-heading-3\" href=\"https:\/\/www.farmaciamoreo.com\/blog\/tratamiento-capilar-precio-en-zaragoza\/#Tratamiento_para_caspa_seca\" title=\"Tratamiento para caspa seca\">Tratamiento para caspa seca<\/a><\/li><li class='ez-toc-page-1 ez-toc-heading-level-4'><a class=\"ez-toc-link ez-toc-heading-4\" href=\"https:\/\/www.farmaciamoreo.com\/blog\/tratamiento-capilar-precio-en-zaragoza\/#Tratamiento_para_caspa_grasa\" title=\"Tratamiento para caspa grasa\">Tratamiento para caspa grasa<\/a><\/li><li class='ez-toc-page-1 ez-toc-heading-level-4'><a class=\"ez-toc-link ez-toc-heading-5\" href=\"https:\/\/www.farmaciamoreo.com\/blog\/tratamiento-capilar-precio-en-zaragoza\/#Tratamiento_para_dermatitis_seborreica\" title=\"Tratamiento para dermatitis seborreica\">Tratamiento para dermatitis seborreica<\/a><\/li><li class='ez-toc-page-1 ez-toc-heading-level-4'><a class=\"ez-toc-link ez-toc-heading-6\" href=\"https:\/\/www.farmaciamoreo.com\/blog\/tratamiento-capilar-precio-en-zaragoza\/#Tratamiento_para_cueros_cabelludos_sensibles\" title=\"Tratamiento para cueros cabelludos sensibles\">Tratamiento para cueros cabelludos sensibles<\/a><\/li><li class='ez-toc-page-1 ez-toc-heading-level-4'><a class=\"ez-toc-link ez-toc-heading-7\" href=\"https:\/\/www.farmaciamoreo.com\/blog\/tratamiento-capilar-precio-en-zaragoza\/#Tratamiento_para_psoriasis\" title=\"Tratamiento para psoriasis\">Tratamiento para psoriasis<\/a><\/li><\/ul><\/li><li class='ez-toc-page-1 ez-toc-heading-level-3'><a class=\"ez-toc-link ez-toc-heading-8\" href=\"https:\/\/www.farmaciamoreo.com\/blog\/tratamiento-capilar-precio-en-zaragoza\/#Otros_tratamientos_para_la_perdida_del_cabello\" title=\"Otros tratamientos para la p\u00e9rdida del cabello\">Otros tratamientos para la p\u00e9rdida del cabello<\/a><ul class='ez-toc-list-level-4' ><li class='ez-toc-heading-level-4'><a class=\"ez-toc-link ez-toc-heading-9\" href=\"https:\/\/www.farmaciamoreo.com\/blog\/tratamiento-capilar-precio-en-zaragoza\/#Mesoterapia_capilar\" title=\"Mesoterapia capilar\">Mesoterapia capilar<\/a><\/li><li class='ez-toc-page-1 ez-toc-heading-level-4'><a class=\"ez-toc-link ez-toc-heading-10\" href=\"https:\/\/www.farmaciamoreo.com\/blog\/tratamiento-capilar-precio-en-zaragoza\/#Bioestimulacion_con_plasma_rico_en_plaquetas_PRP\" title=\"Bioestimulaci\u00f3n con plasma rico en plaquetas (PRP)\">Bioestimulaci\u00f3n con plasma rico en plaquetas (PRP)<\/a><\/li><li class='ez-toc-page-1 ez-toc-heading-level-4'><a class=\"ez-toc-link ez-toc-heading-11\" href=\"https:\/\/www.farmaciamoreo.com\/blog\/tratamiento-capilar-precio-en-zaragoza\/#Tratamientos_orales\" title=\"Tratamientos orales\">Tratamientos orales<\/a><\/li><li class='ez-toc-page-1 ez-toc-heading-level-4'><a class=\"ez-toc-link ez-toc-heading-12\" href=\"https:\/\/www.farmaciamoreo.com\/blog\/tratamiento-capilar-precio-en-zaragoza\/#Tratamientos_quirurgicos\" title=\"Tratamientos quir\u00fargicos\">Tratamientos quir\u00fargicos<\/a><\/li><\/ul><\/li><li class='ez-toc-page-1 ez-toc-heading-level-3'><a class=\"ez-toc-link ez-toc-heading-13\" href=\"https:\/\/www.farmaciamoreo.com\/blog\/tratamiento-capilar-precio-en-zaragoza\/#Tratamiento_capilar_precios_Comparativa_trasplantes\" title=\"Tratamiento capilar precios: Comparativa trasplantes\">Tratamiento capilar precios: Comparativa trasplantes<\/a><\/li><li class='ez-toc-page-1 ez-toc-heading-level-3'><a class=\"ez-toc-link ez-toc-heading-14\" href=\"https:\/\/www.farmaciamoreo.com\/blog\/tratamiento-capilar-precio-en-zaragoza\/#Conclusiones\" title=\"Conclusiones\">Conclusiones<\/a><\/li><\/ul><\/li><\/ul><\/nav><\/div>\n\n<p>Las patolog\u00edas capilares que las personas podemos sufrir son variadas. La <strong>p\u00e9rdida de cabello<\/strong> es un <strong>problema com\u00fan que afecta <\/strong>a muchas personas, <strong>hombres y mujeres<\/strong>, y es la m\u00e1s conocida de estas patolog\u00edas. Pero hay m\u00e1s, como la caspa grasa, la caspa seca, soriasis, dermatitis at\u00f3pica, etc. A la hora de afrontar un tratamiento capilar, el precio del proceso es un aspecto que muchos de ellos\/as valoran antes de aventurarse con uno de ellos.<\/p>\n\n\n\n<p>Hablando de la m\u00e1s com\u00fan como decimos, <strong>la p\u00e9rdida de pelo<\/strong>, existen diferentes tipos de tratamientos, desde opciones no invasivas hasta intervenciones quir\u00fargicas. En <strong>Farmacia Moreo<\/strong> ofrecemos un tratamiento capilar en Zaragoza basado en un preciso diagn\u00f3stico inicial para identificar los factores que desencadenan la p\u00e9rdida de densidad capilar. Un <strong>tratamiento capilar con un precio muy moderado<\/strong> en comparaci\u00f3n con otros procedimientos que ahora mencionaremos.<\/p>\n\n\n\n<h2 class=\"wp-block-heading\"><span class=\"ez-toc-section\" id=\"Tratamiento_capilar_precio_en_Farmacia_Moreo\"><\/span><strong>Tratamiento capilar precio en Farmacia Moreo<\/strong><span class=\"ez-toc-section-end\"><\/span><\/h2>\n\n\n\n<p>No todo el mundo conoce el servicio de diagn\u00f3stico y tratamiento capilar que llevamos a cabo en nuestra farmacia. Se entiende com\u00fanmente que son las cl\u00ednicas especializadas donde hay que acudir para tratar la p\u00e9rdida del cabello, pero tambi\u00e9n en algunas farmacias como Farmacia Moreo <strong>disponemos de un servicio de salud capilar que ayuda a cientos de personas<\/strong> con una patolog\u00eda que para muchas personas es un verdadero trauma.<\/p>\n\n\n\n<p>El tratamiento capilar que dispensamos en la farmacia lo lidera nuestro <a href=\"https:\/\/www.farmaciamoreo.com\/content\/12-especialista-analista-capilar-zaragoza\" target=\"_blank\" rel=\"noreferrer noopener\">especialista analista capilar<\/a> <strong>Miguel Montero Moreo<\/strong>. Lo primero que hacemos en la consulta inicial que tenemos con el paciente, es realizar las pertinentes pruebas para <strong>identificar la causa de la p\u00e9rdida de densidad capilar<\/strong>. Tambi\u00e9n damos respuesta a otras cuestiones que tienen que ver con el cuero cabelludo. Y lo hacemos a trav\u00e9s de dos pruebas espec\u00edficas, la primera llamada tricograma, que consiste en el an\u00e1lisis de la ra\u00edz, tallo y puntas del cabello, y la segunda dermograma, que se centra en el an\u00e1lisis del cuero cabelludo.<\/p>\n\n\n\n<p>Gracias al empleo de una micro c\u00e1mara capilar podremos diagnosticar el problema que est\u00e9 ocasionado la p\u00e9rdida de cabello u otra de las patolog\u00edas capilares mencionadas anteriormente. Nos servir\u00e1 de punto de partida para lograr los objetivos en cada uno de nuestros pacientes.<\/p>\n\n\n\n<p>El <strong>precio del tratamiento capilar<\/strong> de esta primera sesi\u00f3n inicial es de <strong>s\u00f3lo 5 \u20ac<\/strong>, que luego, en conveniencia con el paciente, dar\u00e1 lugar al resto del tratamiento en sucesivas sesiones\/consultas de mantenimiento con el analista capilar.<\/p>\n\n\n\n<p>Pasaros por la farmacia para pedir m\u00e1s informaci\u00f3n o contactar con nosotros a trav\u00e9s de los tel\u00e9fonos 976333578\/682203880 o v\u00eda mail a <a href=\"mailto:farmaciacarmenmoreo@gmail.com\">farmaciacarmenmoreo@gmail.com<\/a>.<\/p>\n\n\n\n<p><u>Tratamiento completo en la farmacia por p\u00e9rdida de cabello<\/u><\/p>\n\n\n\n<p>El <strong>tratamiento especializado<\/strong> que dispensamos en <strong>Farmacia Moreo<\/strong> para la p\u00e9rdida de cabello se extender\u00eda hasta los <strong>3 meses<\/strong>. Incluye un tratamiento de <strong><a href=\"https:\/\/www.farmaciamoreo.com\/81-nutricosmetica\" target=\"_blank\" rel=\"noreferrer noopener\">nutricosm\u00e9tica <\/a><\/strong>y un tratamiento con una loci\u00f3n estimuladora del crecimiento del cabello.<\/p>\n\n\n\n<p>Se complementa <strong>con un champ\u00fa para prevenir la ca\u00edda del pelo y con una mascarilla<\/strong> para hacer que el pelo luzca bonito. El tratamiento capilar y el precio del mismo durante los 3 meses en nuestra farmacia <strong>no superar\u00e1 los 100 \u20ac<\/strong>. Como veis, una inversi\u00f3n baja y asumible.<\/p>\n\n\n\n<figure class=\"wp-block-image size-full\"><img loading=\"lazy\" decoding=\"async\" width=\"610\" height=\"468\" src=\"https:\/\/www.farmaciamoreo.com\/blog\/wp-content\/uploads\/2024\/11\/multidermascope_1000_2b7548c730.png\" alt=\"\" class=\"wp-image-1629\" srcset=\"https:\/\/www.farmaciamoreo.com\/blog\/wp-content\/uploads\/2024\/11\/multidermascope_1000_2b7548c730.png 610w, https:\/\/www.farmaciamoreo.com\/blog\/wp-content\/uploads\/2024\/11\/multidermascope_1000_2b7548c730-300x230.png 300w\" sizes=\"auto, (max-width: 610px) 100vw, 610px\" \/><\/figure>\n\n\n\n<h3 class=\"wp-block-heading\"><span class=\"ez-toc-section\" id=\"Mas_tratamientos_capilares_en_Farmacia_Moreo_en_Zaragoza\"><\/span><strong>M\u00e1s tratamientos capilares en Farmacia Moreo<\/strong> en Zaragoza<span class=\"ez-toc-section-end\"><\/span><\/h3>\n\n\n\n<p>Adem\u00e1s de la p\u00e9rdida de cabello, en Farmacia Moreo somos especialistas en otros tratamientos capilares comunes en la poblaci\u00f3n. Os los explicamos:<\/p>\n\n\n\n<h4 class=\"wp-block-heading\"><span class=\"ez-toc-section\" id=\"Tratamiento_para_caspa_seca\"><\/span>Tratamiento para caspa seca<span class=\"ez-toc-section-end\"><\/span><\/h4>\n\n\n\n<p>La caspa seca <strong>se manifiesta por la presencia de escamas finas y blancas<\/strong> que se desprenden f\u00e1cilmente del cuero cabelludo. A diferencia de la caspa grasa, la caspa seca no est\u00e1 <strong>asociada <\/strong>con un exceso de sebo, sino m\u00e1s bien c<strong>on un cuero cabelludo que tiende a ser m\u00e1s seco<\/strong> y que puede sentirse tirante e irritado. Este tipo de caspa puede ser exacerbada por factores ambientales como el fr\u00edo y la sequedad del aire, as\u00ed como por el uso frecuente de productos capilares que despojan al cuero cabelludo de sus aceites naturales.<\/p>\n\n\n\n<p>El tratamiento para la caspa seca frecuentemente <strong>incluye champ\u00fas que contienen ingredientes como el \u00e1cido salic\u00edlico y el sulfuro de selenio<\/strong>. El \u00e1cido salic\u00edlico ayuda a combatir la caspa seca mediante su acci\u00f3n exfoliante, removiendo las c\u00e9lulas muertas de la piel para prevenir la formaci\u00f3n de escamas visibles. Tambi\u00e9n reduce la inflamaci\u00f3n, proporcionando alivio al cuero cabelludo irritado y promoviendo un entorno m\u00e1s saludable para el crecimiento del cabello.<\/p>\n\n\n\n<p>El sulfuro de selenio, por su parte, ofrece beneficios antif\u00fangicos, controlando el crecimiento de levaduras como Malassezia, que aunque m\u00e1s vinculadas a la caspa grasa, tambi\u00e9n pueden influir en la aparici\u00f3n de la caspa seca cuando el equilibrio natural de la piel se ve alterado. El uso de champ\u00fas con sulfuro de selenio puede ayudar a <strong>reducir la formaci\u00f3n de nuevas escamas<\/strong> y a disminuir la frecuencia de los brotes de caspa.<\/p>\n\n\n\n<p>Para manejar efectivamente la caspa seca, es recomendable utilizar estos champ\u00fas de <strong>2 a 3 veces por semana<\/strong>, dejando que el producto act\u00fae durante varios minutos antes de enjuagarlo completamente. Este r\u00e9gimen no solo aborda los s\u00edntomas visibles sino que tambi\u00e9n trata las causas subyacentes de la caspa, asegurando un control m\u00e1s efectivo y duradero del problema.<\/p>\n\n\n\n<h4 class=\"wp-block-heading\"><span class=\"ez-toc-section\" id=\"Tratamiento_para_caspa_grasa\"><\/span>Tratamiento para caspa grasa<span class=\"ez-toc-section-end\"><\/span><\/h4>\n\n\n\n<p>La caspa grasa, se caracteriza por la <strong>presencia de escamas amarillentas y oleosas que se adhieren al cuero cabelludo<\/strong>. Esta variante de la caspa est\u00e1 directamente asociada con una producci\u00f3n excesiva de sebo por las gl\u00e1ndulas seb\u00e1ceas del cuero cabelludo. El exceso de sebo crea un ambiente ideal para el crecimiento excesivo de levaduras del <strong>g\u00e9nero Malassezia<\/strong>, que son parte de la flora natural de la piel pero pueden provocar inflamaci\u00f3n y producci\u00f3n de escamas cuando proliferan descontroladamente.<\/p>\n\n\n\n<p>Para tratar la caspa grasa, los champ\u00fas medicados con ingredientes como <strong>el \u00e1cido salic\u00edlico y el sulfuro de selenio<\/strong> son altamente efectivos. El \u00e1cido salic\u00edlico desempe\u00f1a un papel crucial al exfoliar las capas superficiales del cuero cabelludo, eliminando las escamas y reduciendo la acumulaci\u00f3n de sebo, lo que a su vez disminuye el h\u00e1bitat propicio para las levaduras. Tambi\u00e9n tiene propiedades antiinflamatorias, que ayudan a calmar el cuero cabelludo irritado y enrojecido, proporcionando alivio de los s\u00edntomas comunes de la caspa grasa.<\/p>\n\n\n\n<p>Por otro lado, el sulfuro de selenio <strong>act\u00faa como un potente antif\u00fangico<\/strong>, reduce la inflamaci\u00f3n y efecto queratol\u00edtico Su uso regular no solo reduce la presencia de levaduras, sino que tambi\u00e9n ayuda a controlar la recurrencia de la caspa, manteniendo el cuero cabelludo m\u00e1s saludable y libre de escamas oleosas.<\/p>\n\n\n\n<p>El tratamiento con estos champ\u00fas debe realizarse <strong>2 a 3 veces por semana<\/strong>, aplicando el producto y dej\u00e1ndolo actuar durante varios minutos para maximizar la eficacia de los ingredientes activos antes de enjuagarlo. Este r\u00e9gimen no solo aborda los s\u00edntomas visibles de la caspa grasa sino que tambi\u00e9n trata las causas subyacentes, facilitando un manejo m\u00e1s eficaz y prolongado del problema.<\/p>\n\n\n\n<figure class=\"wp-block-image aligncenter size-large\"><img loading=\"lazy\" decoding=\"async\" width=\"1024\" height=\"683\" src=\"https:\/\/www.farmaciamoreo.com\/blog\/wp-content\/uploads\/2024\/11\/Post-tratamiento-capilar-precio-1024x683.jpg\" alt=\"tratamiento capilar champu\" class=\"wp-image-1625\" srcset=\"https:\/\/www.farmaciamoreo.com\/blog\/wp-content\/uploads\/2024\/11\/Post-tratamiento-capilar-precio-1024x683.jpg 1024w, https:\/\/www.farmaciamoreo.com\/blog\/wp-content\/uploads\/2024\/11\/Post-tratamiento-capilar-precio-300x200.jpg 300w, https:\/\/www.farmaciamoreo.com\/blog\/wp-content\/uploads\/2024\/11\/Post-tratamiento-capilar-precio-768x512.jpg 768w, https:\/\/www.farmaciamoreo.com\/blog\/wp-content\/uploads\/2024\/11\/Post-tratamiento-capilar-precio.jpg 1200w\" sizes=\"auto, (max-width: 1024px) 100vw, 1024px\" \/><\/figure>\n\n\n\n<h4 class=\"wp-block-heading\"><span class=\"ez-toc-section\" id=\"Tratamiento_para_dermatitis_seborreica\"><\/span>Tratamiento para dermatitis seborreica<span class=\"ez-toc-section-end\"><\/span><\/h4>\n\n\n\n<p>La dermatitis seborreica es una condici\u00f3n inflamatoria cr\u00f3nica que <strong>afecta principalmente el cuero cabelludo<\/strong>, pero tambi\u00e9n <strong>puede manifestarse en otras \u00e1reas ricas en gl\u00e1ndulas seb\u00e1ceas<\/strong> como la cara y el pecho. Esta afecci\u00f3n se caracteriza por escamas grasas, rojeces y, a menudo, prurito. La gesti\u00f3n de la dermatitis seborreica puede mejorar significativamente con el uso de tratamientos t\u00f3picos que contienen agentes activos como ciclopirox olamina y \u00e1cido glicirret\u00ednico, los cuales ofrecen m\u00faltiples beneficios.<\/p>\n\n\n\n<p>La <strong>ciclopirox Olamina<\/strong> es un componente eficaz debido a sus propiedades antif\u00fangicas y antibacterianas, que ayudan a reducir la proliferaci\u00f3n de hongos y levaduras, incluidas las del g\u00e9nero Malassezia, implicadas en la dermatitis seborreica. Adem\u00e1s, su capacidad para combatir bacterias puede prevenir complicaciones derivadas de infecciones sobreinfectadas. <\/p>\n\n\n\n<p>Este agente tambi\u00e9n <strong>posee propiedades antiinflamatorias<\/strong>, reduciendo la inflamaci\u00f3n y el enrojecimiento de la piel, y alivia el prurito, mejorando el confort del paciente.<\/p>\n\n\n\n<p>Por otro lado, el <strong>\u00c1cido glicirret\u00ednico<\/strong>, derivado de la planta de regaliz, es altamente valorado por sus fuertes efectos antiinflamatorios. Contribuye significativamente a <strong>calmar la inflamaci\u00f3n y la irritaci\u00f3n de la piel<\/strong> afectada por la dermatitis seborreica. <\/p>\n\n\n\n<p>Este \u00e1cido ofrece, adem\u00e1s, un <strong>efecto calmante que alivia el prurito y el malesta<\/strong>r, y se sugiere que puede influir beneficiosamente en la respuesta inmunitaria de la piel, ayudando a moderar los procesos inflamatorios involucrados en esta afecci\u00f3n.<\/p>\n\n\n\n<p>El tratamiento con estos agentes implica <strong>aplicar productos t\u00f3picos directamente en las zonas afectadas<\/strong>, siguiendo las pautas espec\u00edficas de un dermat\u00f3logo que determinar\u00e1 la frecuencia y duraci\u00f3n del tratamiento. <\/p>\n\n\n\n<p>La utilizaci\u00f3n correcta de estos productos como parte de un enfoque terap\u00e9utico integral, que tambi\u00e9n <strong>incluye el cuidado adecuado del lavado y posibles ajustes en el estilo de vida<\/strong>, puede proporcionar un alivio significativo de los s\u00edntomas y ayudar a controlar los brotes de dermatitis seborreica de manera efectiva.<\/p>\n\n\n\n<h4 class=\"wp-block-heading\"><span class=\"ez-toc-section\" id=\"Tratamiento_para_cueros_cabelludos_sensibles\"><\/span>Tratamiento para cueros cabelludos sensibles<span class=\"ez-toc-section-end\"><\/span><\/h4>\n\n\n\n<p>Hay que cuidar diariamente el cabello sensible si queremos mantener un cuero cabelludo sano y libre de irritaciones. Para personas con esta condici\u00f3n, se recomiendan <strong>tratamientos espec\u00edficos que contienen ingredientes como Polidocanol y Piroctona Olamina<\/strong>, que ofrecen beneficios notables en el manejo de la sensibilidad y la irritaci\u00f3n del cuero cabelludo.<\/p>\n\n\n\n<p>El <strong>Polidocanol <\/strong>es un agente que act\u00faa como anest\u00e9sico local y emoliente, lo que lo hace ideal para tratar la sensibilidad del cuero cabelludo. Su principal funci\u00f3n es reducir el prurito y proporcionar un efecto calmante. Al minimizar la sensaci\u00f3n de picaz\u00f3n, el Polidocanol ayuda a <strong>prevenir el rascado que puede exacerbar la irritaci\u00f3n del cuero cabelludo<\/strong> o incluso provocar da\u00f1o f\u00edsico. Adem\u00e1s, al actuar como emoliente, mejora la hidrataci\u00f3n de la piel, lo que es esencial para mantener la barrera cut\u00e1nea en condiciones saludables y resistente a irritaciones externas.<\/p>\n\n\n\n<p>Por otro lado, la <strong>Piroctona Olamina<\/strong>, que es un ingrediente com\u00fan en el tratamiento del cuero cabelludo sensible, especialmente cuando la sensibilidad est\u00e1 acompa\u00f1ada por condiciones como la caspa. La Piroctona Olamina tiene propiedades antif\u00fangicas y antibacterianas, que ayudan a <strong>controlar la flora microbiana del cuero cabelludo<\/strong>, reduciendo la presencia de levaduras y bacterias que pueden causar irritaci\u00f3n e inflamaci\u00f3n. Este componente tambi\u00e9n es conocido por su capacidad para normalizar la descamaci\u00f3n del cuero cabelludo, reduciendo la formaci\u00f3n de escamas y mejorando la salud general del cuero cabelludo.<\/p>\n\n\n\n<p>Para el manejo efectivo del cabello sensible, los productos que contienen estos ingredientes <strong>deben aplicarse siguiendo las recomendaciones de un profesional<\/strong>, generalmente <strong>en forma de champ\u00fas o tratamientos t\u00f3picos<\/strong>. Estos deben usarse regularmente, pero con la frecuencia que el dermat\u00f3logo o tric\u00f3logo sugiera, para mantener el cuero cabelludo en el mejor estado posible. <\/p>\n\n\n\n<p>Usar estos productos como parte de una rutina de cuidado cuidadosamente planeada puede ofrecer alivio significativo de los s\u00edntomas de sensibilidad y contribuir a la salud y el bienestar general del cuero cabelludo.<\/p>\n\n\n\n<h4 class=\"wp-block-heading\"><span class=\"ez-toc-section\" id=\"Tratamiento_para_psoriasis\"><\/span>Tratamiento para psoriasis<span class=\"ez-toc-section-end\"><\/span><\/h4>\n\n\n\n<p>El tratamiento de la psoriasis del cuero cabelludo requiere una atenci\u00f3n especializada debido a la naturaleza persistente y a menudo severa de esta condici\u00f3n dermatol\u00f3gica. Utilizar <strong>productos que contengan \u00e1cido glic\u00f3lico, \u00e1cido salic\u00edlico e Ichthyol Pale<\/strong> puede ofrecer alivio significativo y gestionar efectivamente los s\u00edntomas. Estos ingredientes activos est\u00e1n espec\u00edficamente elegidos por sus propiedades terap\u00e9uticas que abordan las manifestaciones caracter\u00edsticas de la psoriasis en el cuero cabelludo.<\/p>\n\n\n\n<p>El <strong>\u00e1cido glic\u00f3lico<\/strong> es un alfa-hidroxi\u00e1cido que ayuda a exfoliar la piel, facilitando la eliminaci\u00f3n de las c\u00e9lulas muertas de la piel que se acumulan en placas psori\u00e1sicas. Esta acci\u00f3n exfoliante ayuda a suavizar la textura de la piel y a mejorar la apariencia general de las \u00e1reas afectadas. <\/p>\n\n\n\n<p>Adem\u00e1s, el \u00e1cido glic\u00f3lico puede mejorar la penetraci\u00f3n de otros tratamientos t\u00f3picos al eliminar las barreras de c\u00e9lulas muertas, haciendo que otros ingredientes activos sean m\u00e1s efectivos.<\/p>\n\n\n\n<p>El <strong>\u00e1cido salic\u00edlico<\/strong> es otro exfoliante, pero pertenece a la familia de los beta-hidroxi\u00e1cidos, conocido por su capacidad para penetrar profundamente en los poros y disolver el sebo y otras impurezas. En el contexto de la psoriasis, el \u00e1cido salic\u00edlico ayuda a reducir la inflamaci\u00f3n y a disminuir la formaci\u00f3n de placas gruesas y escamosas, proporcionando un alivio sintom\u00e1tico considerable. Tambi\u00e9n tiene propiedades queratol\u00edticas, que ayudan a ablandar y remover las escamas psori\u00e1sicas.<\/p>\n\n\n\n<p><strong>Ichthyol Pale<\/strong>, conocido tambi\u00e9n como aceite de esquisto, es un ingrediente menos com\u00fan pero efectivo en el tratamiento de afecciones inflamatorias de la piel como la psoriasis. Este componente tiene propiedades antiinflamatorias, antimicrobianas y calmantes. Ayuda a reducir el enrojecimiento y la inflamaci\u00f3n y es efectivo contra las infecciones de la piel que pueden complicar la psoriasis. <\/p>\n\n\n\n<p>Adem\u00e1s, Ichthyol Pale puede ayudar a normalizar la desviaci\u00f3n del crecimiento de las c\u00e9lulas de la piel que es t\u00edpica en la psoriasis, contribuyendo a un ciclo de renovaci\u00f3n m\u00e1s saludable.<\/p>\n\n\n\n<p>Para el manejo eficaz de la <a href=\"https:\/\/www.farmaciamoreo.com\/blog\/guia-completa-sobre-la-psoriasis\/\" target=\"_blank\" rel=\"noreferrer noopener\">psoriasis <\/a>del cuero cabelludo, los productos formulados con estos ingredientes se deben aplicar <strong>de acuerdo con las instrucciones del dermat\u00f3logo<\/strong>, generalmente como parte de un r\u00e9gimen de cuidado m\u00e1s amplio que puede incluir medicamentos t\u00f3picos y, en algunos casos, tratamientos sist\u00e9micos. <\/p>\n\n\n\n<p>La aplicaci\u00f3n regular de estos tratamientos puede no solo aliviar los s\u00edntomas sino tambi\u00e9n ayudar a prolongar los per\u00edodos de remisi\u00f3n de la psoriasis.<\/p>\n\n\n\n<h3 class=\"wp-block-heading\"><span class=\"ez-toc-section\" id=\"Otros_tratamientos_para_la_perdida_del_cabello\"><\/span><strong>Otros tratamientos para la p\u00e9rdida del cabello<\/strong><span class=\"ez-toc-section-end\"><\/span><\/h3>\n\n\n\n<p>Comentamos otros tratamientos capilares existentes en Zaragoza alternativos al desarrollado en nuestra farmacia:<\/p>\n\n\n\n<h4 class=\"wp-block-heading\"><span class=\"ez-toc-section\" id=\"Mesoterapia_capilar\"><\/span><strong>Mesoterapia capilar<\/strong><span class=\"ez-toc-section-end\"><\/span><\/h4>\n\n\n\n<p>La mesoterapia capilar es un <strong>tratamiento no invasivo<\/strong> que consiste en la inyecci\u00f3n de una <strong>mezcla de medicamentos, vitaminas y minerales<\/strong> directamente en el cuero cabelludo. Este m\u00e9todo busca revitalizar los fol\u00edculos pilosos y estimular el crecimiento del cabello y estimular, de esta forma, el crecimiento capilar mediante la inyecci\u00f3n de nutrientes.<\/p>\n\n\n\n<p>Es cierto que mejora la circulaci\u00f3n sangu\u00ednea en el cuero cabelludo tras varias sesiones, lo que ayuda a la salud capilar general.<\/p>\n\n\n\n<p>Por lo general, el <strong>precio de este tratamiento capilar<\/strong> ronda entre <strong>90 y 500 euros <\/strong>por sesi\u00f3n. Vemos que cl\u00ednicas ofrecen paquetes de varias sesiones por precios algo m\u00e1s reducidos (8 sesiones por 1.700-1.800 euros).<\/p>\n\n\n\n<h4 class=\"wp-block-heading\"><span class=\"ez-toc-section\" id=\"Bioestimulacion_con_plasma_rico_en_plaquetas_PRP\"><\/span><strong>Bioestimulaci\u00f3n con plasma rico en plaquetas (PRP)<\/strong><span class=\"ez-toc-section-end\"><\/span><\/h4>\n\n\n\n<p>La bioestimulaci\u00f3n mediante PRP es un procedimiento que <strong>utiliza la capacidad regenerativa del plasma del propio paciente<\/strong>. Este plasma, rico en factores de crecimiento, es extra\u00eddo y reinyectado en el cuero cabelludo para promover la regeneraci\u00f3n de los fol\u00edculos pilosos.<\/p>\n\n\n\n<p>Podemos asegurar que este tratamiento capilar, al utilizar componentes biol\u00f3gicos del propio paciente, minimiza el riesgo de reacci\u00f3n adversa.<\/p>\n\n\n\n<p>En cuanto a su precio, los costes totales del tratamiento con PRP pueden <strong>partir de 1.295 euros y variar<\/strong> en funci\u00f3n de la cantidad de sesiones necesarias para alcanzar los resultados deseados, que generalmente son notables tras varias aplicaciones.<\/p>\n\n\n\n<h4 class=\"wp-block-heading\"><span class=\"ez-toc-section\" id=\"Tratamientos_orales\"><\/span><strong>Tratamientos orales<\/strong><span class=\"ez-toc-section-end\"><\/span><\/h4>\n\n\n\n<p>Los tratamientos orales para la ca\u00edda del cabello comprenden <strong>medicamentos que solo pueden ser recetados por un m\u00e9dico<\/strong>. Estos incluyen minoxidil y finasterida, ambos reconocidos por su eficacia en la prevenci\u00f3n de la p\u00e9rdida capilar.<\/p>\n\n\n\n<p><u>Minoxidil y Finasterida<\/u><\/p>\n\n\n\n<p>El minoxidil es un <strong>tratamiento oral y t\u00f3pico<\/strong> disponible en forma de<strong> loci\u00f3n o espuma<\/strong>, mientras que la finasterida es un medicamento que se toma por v\u00eda oral. Los precios de estos tratamientos oscilan entre 40 y 60 euros.<\/p>\n\n\n\n<p><u>Vitaminas para el cabello<\/u><\/p>\n\n\n\n<p>Adicionalmente, las vitaminas espec\u00edficas para la salud capilar son una <strong>opci\u00f3n complementaria<\/strong>. Generalmente, su coste es alrededor de <strong>60 euros para un suministro de dos meses<\/strong>, contribuyendo a la nutrici\u00f3n integral del cabello.<\/p>\n\n\n\n<figure class=\"wp-block-image aligncenter size-large\"><img loading=\"lazy\" decoding=\"async\" width=\"1024\" height=\"683\" src=\"https:\/\/www.farmaciamoreo.com\/blog\/wp-content\/uploads\/2024\/11\/Post-tratamiento-capilar-precio-cuerpo-dos-1024x683.jpg\" alt=\"tratamientos capilares mujeres\" class=\"wp-image-1626\" srcset=\"https:\/\/www.farmaciamoreo.com\/blog\/wp-content\/uploads\/2024\/11\/Post-tratamiento-capilar-precio-cuerpo-dos-1024x683.jpg 1024w, https:\/\/www.farmaciamoreo.com\/blog\/wp-content\/uploads\/2024\/11\/Post-tratamiento-capilar-precio-cuerpo-dos-300x200.jpg 300w, https:\/\/www.farmaciamoreo.com\/blog\/wp-content\/uploads\/2024\/11\/Post-tratamiento-capilar-precio-cuerpo-dos-768x512.jpg 768w, https:\/\/www.farmaciamoreo.com\/blog\/wp-content\/uploads\/2024\/11\/Post-tratamiento-capilar-precio-cuerpo-dos.jpg 1200w\" sizes=\"auto, (max-width: 1024px) 100vw, 1024px\" \/><\/figure>\n\n\n\n<h4 class=\"wp-block-heading\"><span class=\"ez-toc-section\" id=\"Tratamientos_quirurgicos\"><\/span><strong>Tratamientos quir\u00fargicos<\/strong><span class=\"ez-toc-section-end\"><\/span><\/h4>\n\n\n\n<p>Los tratamientos quir\u00fargicos se consideran <strong>para los casos m\u00e1s avanzados<\/strong> de p\u00e9rdida de cabello. El trasplante capilar es una opci\u00f3n duradera, dado que se trasladan fol\u00edculos pilosos de un \u00e1rea donante a la zona calva.<\/p>\n\n\n\n<p>Las t\u00e9cnicas m\u00e1s comunes son <strong>FUE <\/strong>(Extracci\u00f3n de Unidades Foliculares) y <strong>FUSS <\/strong>(T\u00e9cnica de Extracci\u00f3n por Franqueo). Ambas metodolog\u00edas ofrecen resultados distintos y se eligen seg\u00fan el caso particular del paciente.<\/p>\n\n\n\n<p><u>Costes y consideraciones<\/u><\/p>\n\n\n\n<p>Este tratamiento capilar y su precio <strong>rondan los 3.500 euros<\/strong>. Pero depende, principalmente, de la extensi\u00f3n de la zona a tratar y la experiencia del cirujano y de la cl\u00ednica en cuesti\u00f3n.<\/p>\n\n\n\n<h3 class=\"wp-block-heading\"><span class=\"ez-toc-section\" id=\"Tratamiento_capilar_precios_Comparativa_trasplantes\"><\/span><strong>Tratamiento capilar precios: Comparativa trasplantes<\/strong><span class=\"ez-toc-section-end\"><\/span><\/h3>\n\n\n\n<p>Los precios de los trasplantes capilares fluct\u00faan seg\u00fan la t\u00e9cnica utilizada, la ubicaci\u00f3n de la cl\u00ednica y la experiencia del cirujano. En general, como venimos diciendo, los costes oscilan entre 3.000 y 6.000 euros.<\/p>\n\n\n\n<p>Por ejemplo, la<strong> t\u00e9cnica FUE<\/strong> (Extracci\u00f3n de Unidades Foliculares) suele tener un coste promedio de entre <strong>3.500 y 5.000 euros<\/strong>, dependiendo de la cantidad de injertos necesarios y la reputaci\u00f3n de la cl\u00ednica. Por su parte, la <strong>t\u00e9cnica FUSS<\/strong> (T\u00e9cnica de Extracci\u00f3n por Franqueo) puede resultar <strong>un poco m\u00e1s econ\u00f3mica<\/strong>, con precios que van de 3.000 a 4.500 euros, aunque el cicatrizaje puede ser m\u00e1s visible.<\/p>\n\n\n\n<p>En la opci\u00f3n de irse fuera a una<strong> cl\u00ednica en el extranjero<\/strong> para el trasplante, el factor econ\u00f3mico es la causa principal. Hablamos generalmente de <strong>precios significativamente m\u00e1s bajos<\/strong>, rondando los 1.500 a 2.500 euros, aunque esto puede implicar riesgos adicionales.<\/p>\n\n\n\n<p><strong>Elementos incluidos en el precio<\/strong><\/p>\n\n\n\n<p>El precio de un trasplante capilar profesional y diligente debe incluir:<\/p>\n\n\n\n<ul class=\"wp-block-list\">\n<li><strong>Consulta inicial:<\/strong>&nbsp;La primera evaluaci\u00f3n, donde se determina la viabilidad del trasplante y se discuten las expectativas del paciente.<\/li>\n\n\n\n<li><strong>Honorarios del cirujano:<\/strong>&nbsp;La experiencia del profesional puede influir en el coste, siendo los cirujanos con m\u00e1s experiencia los que suelen tener tarifas m\u00e1s altas.<\/li>\n\n\n\n<li><strong>Material y medicaci\u00f3n:<\/strong>&nbsp;Esto incluye cualquier medicaci\u00f3n que se administre durante el procedimiento y los suministros necesarios para realizar el trasplante.<\/li>\n\n\n\n<li><strong>Seguimiento postoperatorio:<\/strong>&nbsp;Generalmente se incluyen algunas citas de seguimiento para evaluar la evoluci\u00f3n del injerto y resolver cualquier duda.<\/li>\n<\/ul>\n\n\n\n<h3 class=\"wp-block-heading\"><span class=\"ez-toc-section\" id=\"Conclusiones\"><\/span><strong>Conclusiones<\/strong><span class=\"ez-toc-section-end\"><\/span><\/h3>\n\n\n\n<p>Dependiendo de la patolog\u00eda que se sufra, <strong>farmacias especializadas en an\u00e1lisis capilares<\/strong> como somos <strong>Farmacia Moreo<\/strong> podemos ayudar efectivamente a <strong>pacientes hombres y mujeres<\/strong> preocupados por la situaci\u00f3n. <strong>Tratamientos capilares con precios muy asequibles<\/strong> en comparaci\u00f3n con cl\u00ednicas est\u00e9ticas.<\/p>\n\n\n\n<p>Dado que hay una oferta amplia de tratamientos, cada paciente habr\u00e1 de evaluar con cuidado el tratamiento que desea, teniendo en cuenta los factores que hemos mencionado en el art\u00edculo, no s\u00f3lo el econ\u00f3mico. Por ejemplo, que el precio del tratamiento <strong>incluya consultas, anal\u00edticas, productos complementarios<\/strong> (como medicamentos o cuidados especiales para el cabello).<\/p>\n\n\n\n<p>Para m\u00e1s informaci\u00f3n sobre nuestro servicio de an\u00e1lisis capilar en la farmacia, poneros en contacto a trav\u00e9s de las siguientes v\u00edas:<\/p>\n\n\n\n<p>? 976 33 35 78<\/p>\n\n\n\n<p>? info@farmaciamoreo.com<\/p>\n\n\n\n<p>WhatsApp: 682 203 880<\/p>\n\n\n\n<p>Instagram: @farmaciacarmenmoreo<\/p>\n","protected":false},"excerpt":{"rendered":"<p>Las patolog\u00edas capilares que las personas podemos sufrir son variadas. La p\u00e9rdida de cabello es un problema com\u00fan que afecta a muchas personas, hombres y mujeres, y es la m\u00e1s conocida de estas patolog\u00edas. Pero hay m\u00e1s, como la caspa grasa, la caspa seca, soriasis, dermatitis at\u00f3pica, etc. A la hora de afrontar un tratamiento [&hellip;]<\/p>\n","protected":false},"author":2,"featured_media":1623,"comment_status":"open","ping_status":"open","sticky":false,"template":"","format":"standard","meta":{"footnotes":""},"categories":[16,17],"tags":[],"class_list":["post-1615","post","type-post","status-publish","format-standard","has-post-thumbnail","hentry","category-cabello-critico","category-servicios-adicionales-de-farmacia"],"yoast_head":"<!-- This site is optimized with the Yoast SEO plugin v22.4 - https:\/\/yoast.com\/wordpress\/plugins\/seo\/ -->\n<title>Tratamiento Capilar Precio - Cosm\u00e9tica Independiente - Blog de Farmacia Moreo<\/title>\n<meta name=\"description\" content=\"El precio de los tratamientos capilares actuales difiere mucho en funci\u00f3n de si estamos en una farmacia o una cl\u00ednica. Os lo explicamos ?.\" \/>\n<meta name=\"robots\" content=\"index, follow, max-snippet:-1, max-image-preview:large, max-video-preview:-1\" \/>\n<link rel=\"canonical\" href=\"https:\/\/www.farmaciamoreo.com\/blog\/tratamiento-capilar-precio-en-zaragoza\/\" \/>\n<meta property=\"og:locale\" content=\"es_ES\" \/>\n<meta property=\"og:type\" content=\"article\" \/>\n<meta property=\"og:title\" content=\"Tratamiento Capilar Precio - Cosm\u00e9tica Independiente - Blog de Farmacia Moreo\" \/>\n<meta property=\"og:description\" content=\"El precio de los tratamientos capilares actuales difiere mucho en funci\u00f3n de si estamos en una farmacia o una cl\u00ednica. Os lo explicamos ?.\" \/>\n<meta property=\"og:url\" content=\"https:\/\/www.farmaciamoreo.com\/blog\/tratamiento-capilar-precio-en-zaragoza\/\" \/>\n<meta property=\"og:site_name\" content=\"Cosm\u00e9tica Independiente - Blog de Farmacia Moreo\" \/>\n<meta property=\"article:published_time\" content=\"2024-11-13T06:35:29+00:00\" \/>\n<meta property=\"article:modified_time\" content=\"2024-11-13T12:28:53+00:00\" \/>\n<meta property=\"og:image\" content=\"https:\/\/www.farmaciamoreo.com\/blog\/wp-content\/uploads\/2024\/11\/Cabecera-post-tratamiento-capilar-precio.jpg\" \/>\n\t<meta property=\"og:image:width\" content=\"1200\" \/>\n\t<meta property=\"og:image:height\" content=\"800\" \/>\n\t<meta property=\"og:image:type\" content=\"image\/jpeg\" \/>\n<meta name=\"author\" content=\"Miguel Montero\" \/>\n<meta name=\"twitter:card\" content=\"summary_large_image\" \/>\n<meta name=\"twitter:label1\" content=\"Escrito por\" \/>\n\t<meta name=\"twitter:data1\" content=\"Miguel Montero\" \/>\n\t<meta name=\"twitter:label2\" content=\"Tiempo de lectura\" \/>\n\t<meta name=\"twitter:data2\" content=\"15 minutos\" \/>\n<script type=\"application\/ld+json\" class=\"yoast-schema-graph\">{\"@context\":\"https:\/\/schema.org\",\"@graph\":[{\"@type\":\"Article\",\"@id\":\"https:\/\/www.farmaciamoreo.com\/blog\/tratamiento-capilar-precio-en-zaragoza\/#article\",\"isPartOf\":{\"@id\":\"https:\/\/www.farmaciamoreo.com\/blog\/tratamiento-capilar-precio-en-zaragoza\/\"},\"author\":{\"name\":\"Miguel Montero\",\"@id\":\"https:\/\/www.farmaciamoreo.com\/blog\/#\/schema\/person\/a85bf69552ab311f84be594eda459a46\"},\"headline\":\"Tratamiento capilar precio en Zaragoza\",\"datePublished\":\"2024-11-13T06:35:29+00:00\",\"dateModified\":\"2024-11-13T12:28:53+00:00\",\"mainEntityOfPage\":{\"@id\":\"https:\/\/www.farmaciamoreo.com\/blog\/tratamiento-capilar-precio-en-zaragoza\/\"},\"wordCount\":3205,\"commentCount\":0,\"publisher\":{\"@id\":\"https:\/\/www.farmaciamoreo.com\/blog\/#organization\"},\"image\":{\"@id\":\"https:\/\/www.farmaciamoreo.com\/blog\/tratamiento-capilar-precio-en-zaragoza\/#primaryimage\"},\"thumbnailUrl\":\"https:\/\/www.farmaciamoreo.com\/blog\/wp-content\/uploads\/2024\/11\/Cabecera-post-tratamiento-capilar-precio.jpg\",\"articleSection\":[\"Cabello cr\u00edtico\",\"Servicios adicionales de farmacia\"],\"inLanguage\":\"es\",\"potentialAction\":[{\"@type\":\"CommentAction\",\"name\":\"Comment\",\"target\":[\"https:\/\/www.farmaciamoreo.com\/blog\/tratamiento-capilar-precio-en-zaragoza\/#respond\"]}]},{\"@type\":\"WebPage\",\"@id\":\"https:\/\/www.farmaciamoreo.com\/blog\/tratamiento-capilar-precio-en-zaragoza\/\",\"url\":\"https:\/\/www.farmaciamoreo.com\/blog\/tratamiento-capilar-precio-en-zaragoza\/\",\"name\":\"Tratamiento Capilar Precio - Cosm\u00e9tica Independiente - Blog de Farmacia Moreo\",\"isPartOf\":{\"@id\":\"https:\/\/www.farmaciamoreo.com\/blog\/#website\"},\"primaryImageOfPage\":{\"@id\":\"https:\/\/www.farmaciamoreo.com\/blog\/tratamiento-capilar-precio-en-zaragoza\/#primaryimage\"},\"image\":{\"@id\":\"https:\/\/www.farmaciamoreo.com\/blog\/tratamiento-capilar-precio-en-zaragoza\/#primaryimage\"},\"thumbnailUrl\":\"https:\/\/www.farmaciamoreo.com\/blog\/wp-content\/uploads\/2024\/11\/Cabecera-post-tratamiento-capilar-precio.jpg\",\"datePublished\":\"2024-11-13T06:35:29+00:00\",\"dateModified\":\"2024-11-13T12:28:53+00:00\",\"description\":\"El precio de los tratamientos capilares actuales difiere mucho en funci\u00f3n de si estamos en una farmacia o una cl\u00ednica. Os lo explicamos ?.\",\"breadcrumb\":{\"@id\":\"https:\/\/www.farmaciamoreo.com\/blog\/tratamiento-capilar-precio-en-zaragoza\/#breadcrumb\"},\"inLanguage\":\"es\",\"potentialAction\":[{\"@type\":\"ReadAction\",\"target\":[\"https:\/\/www.farmaciamoreo.com\/blog\/tratamiento-capilar-precio-en-zaragoza\/\"]}]},{\"@type\":\"ImageObject\",\"inLanguage\":\"es\",\"@id\":\"https:\/\/www.farmaciamoreo.com\/blog\/tratamiento-capilar-precio-en-zaragoza\/#primaryimage\",\"url\":\"https:\/\/www.farmaciamoreo.com\/blog\/wp-content\/uploads\/2024\/11\/Cabecera-post-tratamiento-capilar-precio.jpg\",\"contentUrl\":\"https:\/\/www.farmaciamoreo.com\/blog\/wp-content\/uploads\/2024\/11\/Cabecera-post-tratamiento-capilar-precio.jpg\",\"width\":1200,\"height\":800,\"caption\":\"tratamiento capilar precio\"},{\"@type\":\"BreadcrumbList\",\"@id\":\"https:\/\/www.farmaciamoreo.com\/blog\/tratamiento-capilar-precio-en-zaragoza\/#breadcrumb\",\"itemListElement\":[{\"@type\":\"ListItem\",\"position\":1,\"name\":\"Portada\",\"item\":\"https:\/\/www.farmaciamoreo.com\/blog\/\"},{\"@type\":\"ListItem\",\"position\":2,\"name\":\"Tratamiento capilar precio en Zaragoza\"}]},{\"@type\":\"WebSite\",\"@id\":\"https:\/\/www.farmaciamoreo.com\/blog\/#website\",\"url\":\"https:\/\/www.farmaciamoreo.com\/blog\/\",\"name\":\"Cosm\u00e9tica Independiente - Blog de Farmacia Moreo\",\"description\":\"Cosm\u00e9tica Independiente - Blog de Farmacia Moreo\",\"publisher\":{\"@id\":\"https:\/\/www.farmaciamoreo.com\/blog\/#organization\"},\"potentialAction\":[{\"@type\":\"SearchAction\",\"target\":{\"@type\":\"EntryPoint\",\"urlTemplate\":\"https:\/\/www.farmaciamoreo.com\/blog\/?s={search_term_string}\"},\"query-input\":\"required name=search_term_string\"}],\"inLanguage\":\"es\"},{\"@type\":\"Organization\",\"@id\":\"https:\/\/www.farmaciamoreo.com\/blog\/#organization\",\"name\":\"Farmacia Moreo\",\"url\":\"https:\/\/www.farmaciamoreo.com\/blog\/\",\"logo\":{\"@type\":\"ImageObject\",\"inLanguage\":\"es\",\"@id\":\"https:\/\/www.farmaciamoreo.com\/blog\/#\/schema\/logo\/image\/\",\"url\":\"https:\/\/www.farmaciamoreo.com\/blog\/wp-content\/uploads\/2023\/02\/farmacia-moreo-logo-1642152766.png\",\"contentUrl\":\"https:\/\/www.farmaciamoreo.com\/blog\/wp-content\/uploads\/2023\/02\/farmacia-moreo-logo-1642152766.png\",\"width\":200,\"height\":161,\"caption\":\"Farmacia Moreo\"},\"image\":{\"@id\":\"https:\/\/www.farmaciamoreo.com\/blog\/#\/schema\/logo\/image\/\"},\"sameAs\":[\"https:\/\/www.instagram.com\/farmaciacarmenmoreo\/\"]},{\"@type\":\"Person\",\"@id\":\"https:\/\/www.farmaciamoreo.com\/blog\/#\/schema\/person\/a85bf69552ab311f84be594eda459a46\",\"name\":\"Miguel Montero\",\"image\":{\"@type\":\"ImageObject\",\"inLanguage\":\"es\",\"@id\":\"https:\/\/www.farmaciamoreo.com\/blog\/#\/schema\/person\/image\/\",\"url\":\"https:\/\/secure.gravatar.com\/avatar\/9d2db4a6adcb3298e2e593cb4a22ab03cb0fe923c751d173f70489e1ae4ba697?s=96&d=mm&r=g\",\"contentUrl\":\"https:\/\/secure.gravatar.com\/avatar\/9d2db4a6adcb3298e2e593cb4a22ab03cb0fe923c751d173f70489e1ae4ba697?s=96&d=mm&r=g\",\"caption\":\"Miguel Montero\"},\"description\":\"Farmac\u00e9utico, especialista en cosm\u00e9tica y t\u00e9cnico en ortopedia. Vocal de Dermofarmacia del Colegio Oficial de Farmac\u00e9uticos de Zaragoza. Gerente en Farmacia Moreo.\",\"sameAs\":[\"http:\/\/www.farmaciamoreo.com\",\"https:\/\/www.instagram.com\/farmaciacarmenmoreo\/?hl=es\",\"linkedin.com\/in\/miguel-montero-moreo-17327a267\",\"https:\/\/www.youtube.com\/@farmaciamoreo4965\"],\"url\":\"https:\/\/www.farmaciamoreo.com\/blog\/author\/miguel\/\"}]}<\/script>\n<!-- \/ Yoast SEO plugin. -->","yoast_head_json":{"title":"Tratamiento Capilar Precio - Cosm\u00e9tica Independiente - Blog de Farmacia Moreo","description":"El precio de los tratamientos capilares actuales difiere mucho en funci\u00f3n de si estamos en una farmacia o una cl\u00ednica. Os lo explicamos ?.","robots":{"index":"index","follow":"follow","max-snippet":"max-snippet:-1","max-image-preview":"max-image-preview:large","max-video-preview":"max-video-preview:-1"},"canonical":"https:\/\/www.farmaciamoreo.com\/blog\/tratamiento-capilar-precio-en-zaragoza\/","og_locale":"es_ES","og_type":"article","og_title":"Tratamiento Capilar Precio - Cosm\u00e9tica Independiente - Blog de Farmacia Moreo","og_description":"El precio de los tratamientos capilares actuales difiere mucho en funci\u00f3n de si estamos en una farmacia o una cl\u00ednica. Os lo explicamos ?.","og_url":"https:\/\/www.farmaciamoreo.com\/blog\/tratamiento-capilar-precio-en-zaragoza\/","og_site_name":"Cosm\u00e9tica Independiente - Blog de Farmacia Moreo","article_published_time":"2024-11-13T06:35:29+00:00","article_modified_time":"2024-11-13T12:28:53+00:00","og_image":[{"width":1200,"height":800,"url":"https:\/\/www.farmaciamoreo.com\/blog\/wp-content\/uploads\/2024\/11\/Cabecera-post-tratamiento-capilar-precio.jpg","type":"image\/jpeg"}],"author":"Miguel Montero","twitter_card":"summary_large_image","twitter_misc":{"Escrito por":"Miguel Montero","Tiempo de lectura":"15 minutos"},"schema":{"@context":"https:\/\/schema.org","@graph":[{"@type":"Article","@id":"https:\/\/www.farmaciamoreo.com\/blog\/tratamiento-capilar-precio-en-zaragoza\/#article","isPartOf":{"@id":"https:\/\/www.farmaciamoreo.com\/blog\/tratamiento-capilar-precio-en-zaragoza\/"},"author":{"name":"Miguel Montero","@id":"https:\/\/www.farmaciamoreo.com\/blog\/#\/schema\/person\/a85bf69552ab311f84be594eda459a46"},"headline":"Tratamiento capilar precio en Zaragoza","datePublished":"2024-11-13T06:35:29+00:00","dateModified":"2024-11-13T12:28:53+00:00","mainEntityOfPage":{"@id":"https:\/\/www.farmaciamoreo.com\/blog\/tratamiento-capilar-precio-en-zaragoza\/"},"wordCount":3205,"commentCount":0,"publisher":{"@id":"https:\/\/www.farmaciamoreo.com\/blog\/#organization"},"image":{"@id":"https:\/\/www.farmaciamoreo.com\/blog\/tratamiento-capilar-precio-en-zaragoza\/#primaryimage"},"thumbnailUrl":"https:\/\/www.farmaciamoreo.com\/blog\/wp-content\/uploads\/2024\/11\/Cabecera-post-tratamiento-capilar-precio.jpg","articleSection":["Cabello cr\u00edtico","Servicios adicionales de farmacia"],"inLanguage":"es","potentialAction":[{"@type":"CommentAction","name":"Comment","target":["https:\/\/www.farmaciamoreo.com\/blog\/tratamiento-capilar-precio-en-zaragoza\/#respond"]}]},{"@type":"WebPage","@id":"https:\/\/www.farmaciamoreo.com\/blog\/tratamiento-capilar-precio-en-zaragoza\/","url":"https:\/\/www.farmaciamoreo.com\/blog\/tratamiento-capilar-precio-en-zaragoza\/","name":"Tratamiento Capilar Precio - Cosm\u00e9tica Independiente - Blog de Farmacia Moreo","isPartOf":{"@id":"https:\/\/www.farmaciamoreo.com\/blog\/#website"},"primaryImageOfPage":{"@id":"https:\/\/www.farmaciamoreo.com\/blog\/tratamiento-capilar-precio-en-zaragoza\/#primaryimage"},"image":{"@id":"https:\/\/www.farmaciamoreo.com\/blog\/tratamiento-capilar-precio-en-zaragoza\/#primaryimage"},"thumbnailUrl":"https:\/\/www.farmaciamoreo.com\/blog\/wp-content\/uploads\/2024\/11\/Cabecera-post-tratamiento-capilar-precio.jpg","datePublished":"2024-11-13T06:35:29+00:00","dateModified":"2024-11-13T12:28:53+00:00","description":"El precio de los tratamientos capilares actuales difiere mucho en funci\u00f3n de si estamos en una farmacia o una cl\u00ednica. Os lo explicamos ?.","breadcrumb":{"@id":"https:\/\/www.farmaciamoreo.com\/blog\/tratamiento-capilar-precio-en-zaragoza\/#breadcrumb"},"inLanguage":"es","potentialAction":[{"@type":"ReadAction","target":["https:\/\/www.farmaciamoreo.com\/blog\/tratamiento-capilar-precio-en-zaragoza\/"]}]},{"@type":"ImageObject","inLanguage":"es","@id":"https:\/\/www.farmaciamoreo.com\/blog\/tratamiento-capilar-precio-en-zaragoza\/#primaryimage","url":"https:\/\/www.farmaciamoreo.com\/blog\/wp-content\/uploads\/2024\/11\/Cabecera-post-tratamiento-capilar-precio.jpg","contentUrl":"https:\/\/www.farmaciamoreo.com\/blog\/wp-content\/uploads\/2024\/11\/Cabecera-post-tratamiento-capilar-precio.jpg","width":1200,"height":800,"caption":"tratamiento capilar precio"},{"@type":"BreadcrumbList","@id":"https:\/\/www.farmaciamoreo.com\/blog\/tratamiento-capilar-precio-en-zaragoza\/#breadcrumb","itemListElement":[{"@type":"ListItem","position":1,"name":"Portada","item":"https:\/\/www.farmaciamoreo.com\/blog\/"},{"@type":"ListItem","position":2,"name":"Tratamiento capilar precio en Zaragoza"}]},{"@type":"WebSite","@id":"https:\/\/www.farmaciamoreo.com\/blog\/#website","url":"https:\/\/www.farmaciamoreo.com\/blog\/","name":"Cosm\u00e9tica Independiente - Blog de Farmacia Moreo","description":"Cosm\u00e9tica Independiente - Blog de Farmacia Moreo","publisher":{"@id":"https:\/\/www.farmaciamoreo.com\/blog\/#organization"},"potentialAction":[{"@type":"SearchAction","target":{"@type":"EntryPoint","urlTemplate":"https:\/\/www.farmaciamoreo.com\/blog\/?s={search_term_string}"},"query-input":"required name=search_term_string"}],"inLanguage":"es"},{"@type":"Organization","@id":"https:\/\/www.farmaciamoreo.com\/blog\/#organization","name":"Farmacia Moreo","url":"https:\/\/www.farmaciamoreo.com\/blog\/","logo":{"@type":"ImageObject","inLanguage":"es","@id":"https:\/\/www.farmaciamoreo.com\/blog\/#\/schema\/logo\/image\/","url":"https:\/\/www.farmaciamoreo.com\/blog\/wp-content\/uploads\/2023\/02\/farmacia-moreo-logo-1642152766.png","contentUrl":"https:\/\/www.farmaciamoreo.com\/blog\/wp-content\/uploads\/2023\/02\/farmacia-moreo-logo-1642152766.png","width":200,"height":161,"caption":"Farmacia Moreo"},"image":{"@id":"https:\/\/www.farmaciamoreo.com\/blog\/#\/schema\/logo\/image\/"},"sameAs":["https:\/\/www.instagram.com\/farmaciacarmenmoreo\/"]},{"@type":"Person","@id":"https:\/\/www.farmaciamoreo.com\/blog\/#\/schema\/person\/a85bf69552ab311f84be594eda459a46","name":"Miguel Montero","image":{"@type":"ImageObject","inLanguage":"es","@id":"https:\/\/www.farmaciamoreo.com\/blog\/#\/schema\/person\/image\/","url":"https:\/\/secure.gravatar.com\/avatar\/9d2db4a6adcb3298e2e593cb4a22ab03cb0fe923c751d173f70489e1ae4ba697?s=96&d=mm&r=g","contentUrl":"https:\/\/secure.gravatar.com\/avatar\/9d2db4a6adcb3298e2e593cb4a22ab03cb0fe923c751d173f70489e1ae4ba697?s=96&d=mm&r=g","caption":"Miguel Montero"},"description":"Farmac\u00e9utico, especialista en cosm\u00e9tica y t\u00e9cnico en ortopedia. Vocal de Dermofarmacia del Colegio Oficial de Farmac\u00e9uticos de Zaragoza. Gerente en Farmacia Moreo.","sameAs":["http:\/\/www.farmaciamoreo.com","https:\/\/www.instagram.com\/farmaciacarmenmoreo\/?hl=es","linkedin.com\/in\/miguel-montero-moreo-17327a267","https:\/\/www.youtube.com\/@farmaciamoreo4965"],"url":"https:\/\/www.farmaciamoreo.com\/blog\/author\/miguel\/"}]}},"_links":{"self":[{"href":"https:\/\/www.farmaciamoreo.com\/blog\/wp-json\/wp\/v2\/posts\/1615","targetHints":{"allow":["GET"]}}],"collection":[{"href":"https:\/\/www.farmaciamoreo.com\/blog\/wp-json\/wp\/v2\/posts"}],"about":[{"href":"https:\/\/www.farmaciamoreo.com\/blog\/wp-json\/wp\/v2\/types\/post"}],"author":[{"embeddable":true,"href":"https:\/\/www.farmaciamoreo.com\/blog\/wp-json\/wp\/v2\/users\/2"}],"replies":[{"embeddable":true,"href":"https:\/\/www.farmaciamoreo.com\/blog\/wp-json\/wp\/v2\/comments?post=1615"}],"version-history":[{"count":9,"href":"https:\/\/www.farmaciamoreo.com\/blog\/wp-json\/wp\/v2\/posts\/1615\/revisions"}],"predecessor-version":[{"id":1631,"href":"https:\/\/www.farmaciamoreo.com\/blog\/wp-json\/wp\/v2\/posts\/1615\/revisions\/1631"}],"wp:featuredmedia":[{"embeddable":true,"href":"https:\/\/www.farmaciamoreo.com\/blog\/wp-json\/wp\/v2\/media\/1623"}],"wp:attachment":[{"href":"https:\/\/www.farmaciamoreo.com\/blog\/wp-json\/wp\/v2\/media?parent=1615"}],"wp:term":[{"taxonomy":"category","embeddable":true,"href":"https:\/\/www.farmaciamoreo.com\/blog\/wp-json\/wp\/v2\/categories?post=1615"},{"taxonomy":"post_tag","embeddable":true,"href":"https:\/\/www.farmaciamoreo.com\/blog\/wp-json\/wp\/v2\/tags?post=1615"}],"curies":[{"name":"wp","href":"https:\/\/api.w.org\/{rel}","templated":true}]}}