{"id":1391,"date":"2024-06-19T08:13:18","date_gmt":"2024-06-19T08:13:18","guid":{"rendered":"https:\/\/www.farmaciamoreo.com\/blog\/?p=1391"},"modified":"2024-06-19T08:13:19","modified_gmt":"2024-06-19T08:13:19","slug":"todo-sobre-vitiligo-causas-tratamiento","status":"publish","type":"post","link":"https:\/\/www.farmaciamoreo.com\/blog\/todo-sobre-vitiligo-causas-tratamiento\/","title":{"rendered":"Vit\u00edligo: Causas, s\u00edntomas y tratamiento"},"content":{"rendered":"<div id=\"ez-toc-container\" class=\"ez-toc-v2_0_67_1 counter-hierarchy ez-toc-counter ez-toc-white ez-toc-container-direction\">\n<div class=\"ez-toc-title-container\">\n<p class=\"ez-toc-title \" >Contenido<\/p>\n<span class=\"ez-toc-title-toggle\"><a href=\"#\" class=\"ez-toc-pull-right ez-toc-btn ez-toc-btn-xs ez-toc-btn-default ez-toc-toggle\" aria-label=\"Toggle Table of Content\"><span class=\"ez-toc-js-icon-con\"><span class=\"\"><span class=\"eztoc-hide\" style=\"display:none;\">Toggle<\/span><span class=\"ez-toc-icon-toggle-span\"><svg style=\"fill: #999;color:#999\" xmlns=\"http:\/\/www.w3.org\/2000\/svg\" class=\"list-377408\" width=\"20px\" height=\"20px\" viewBox=\"0 0 24 24\" fill=\"none\"><path d=\"M6 6H4v2h2V6zm14 0H8v2h12V6zM4 11h2v2H4v-2zm16 0H8v2h12v-2zM4 16h2v2H4v-2zm16 0H8v2h12v-2z\" fill=\"currentColor\"><\/path><\/svg><svg style=\"fill: #999;color:#999\" class=\"arrow-unsorted-368013\" xmlns=\"http:\/\/www.w3.org\/2000\/svg\" width=\"10px\" height=\"10px\" viewBox=\"0 0 24 24\" version=\"1.2\" baseProfile=\"tiny\"><path d=\"M18.2 9.3l-6.2-6.3-6.2 6.3c-.2.2-.3.4-.3.7s.1.5.3.7c.2.2.4.3.7.3h11c.3 0 .5-.1.7-.3.2-.2.3-.5.3-.7s-.1-.5-.3-.7zM5.8 14.7l6.2 6.3 6.2-6.3c.2-.2.3-.5.3-.7s-.1-.5-.3-.7c-.2-.2-.4-.3-.7-.3h-11c-.3 0-.5.1-.7.3-.2.2-.3.5-.3.7s.1.5.3.7z\"\/><\/svg><\/span><\/span><\/span><\/a><\/span><\/div>\n<nav><ul class='ez-toc-list ez-toc-list-level-1 ' ><li class='ez-toc-page-1 ez-toc-heading-level-4'><a class=\"ez-toc-link ez-toc-heading-1\" href=\"https:\/\/www.farmaciamoreo.com\/blog\/todo-sobre-vitiligo-causas-tratamiento\/#%C2%BFQue_es_el_Vitiligo\" title=\"\u00bfQu\u00e9 es el Vit\u00edligo?\">\u00bfQu\u00e9 es el Vit\u00edligo?<\/a><\/li><li class='ez-toc-page-1 ez-toc-heading-level-4'><a class=\"ez-toc-link ez-toc-heading-2\" href=\"https:\/\/www.farmaciamoreo.com\/blog\/todo-sobre-vitiligo-causas-tratamiento\/#Causas_del_Vitiligo\" title=\"Causas del Vit\u00edligo\">Causas del Vit\u00edligo<\/a><\/li><li class='ez-toc-page-1 ez-toc-heading-level-4'><a class=\"ez-toc-link ez-toc-heading-3\" href=\"https:\/\/www.farmaciamoreo.com\/blog\/todo-sobre-vitiligo-causas-tratamiento\/#Sintomas_del_Vitiligo\" title=\"S\u00edntomas del Vit\u00edligo\">S\u00edntomas del Vit\u00edligo<\/a><\/li><li class='ez-toc-page-1 ez-toc-heading-level-4'><a class=\"ez-toc-link ez-toc-heading-4\" href=\"https:\/\/www.farmaciamoreo.com\/blog\/todo-sobre-vitiligo-causas-tratamiento\/#Tratamiento_del_Vitiligo\" title=\"Tratamiento del Vit\u00edligo\">Tratamiento del Vit\u00edligo<\/a><\/li><li class='ez-toc-page-1 ez-toc-heading-level-4'><a class=\"ez-toc-link ez-toc-heading-5\" href=\"https:\/\/www.farmaciamoreo.com\/blog\/todo-sobre-vitiligo-causas-tratamiento\/#Proteccion_Solar_y_Cuidados_Adicionales\" title=\"Protecci\u00f3n Solar y Cuidados Adicionales\">Protecci\u00f3n Solar y Cuidados Adicionales<\/a><\/li><li class='ez-toc-page-1 ez-toc-heading-level-4'><a class=\"ez-toc-link ez-toc-heading-6\" href=\"https:\/\/www.farmaciamoreo.com\/blog\/todo-sobre-vitiligo-causas-tratamiento\/#Conclusion\" title=\"Conclusi\u00f3n\">Conclusi\u00f3n<\/a><\/li><\/ul><\/nav><\/div>\n\n<p>El vit\u00edligo es una enfermedad cr\u00f3nica de la piel que se manifiesta en la aparici\u00f3n de manchas blancas o despigmentadas en diferentes \u00e1reas del cuerpo. Esta condici\u00f3n afecta a entre el 0.1% y el 2% de la poblaci\u00f3n mundial, lo que equivale a millones de personas que viven con vit\u00edligo. Aunque no es una enfermedad que amenace la vida, el impacto psicol\u00f3gico y emocional que puede tener en las personas es significativo. Aqu\u00ed exploraremos en profundidad qu\u00e9 es el vit\u00edligo, sus causas, s\u00edntomas, y las opciones de tratamiento disponibles.<\/p>\n\n\n\n<h4 class=\"wp-block-heading\"><span class=\"ez-toc-section\" id=\"%C2%BFQue_es_el_Vitiligo\"><\/span>\u00bfQu\u00e9 es el Vit\u00edligo?<span class=\"ez-toc-section-end\"><\/span><\/h4>\n\n\n\n<p>El vit\u00edligo es una enfermedad dermatol\u00f3gica caracterizada por la p\u00e9rdida de melanocitos, las c\u00e9lulas encargadas de producir melanina, el pigmento que da color a nuestra piel. Como resultado, aparecen manchas blancas en diferentes partes del cuerpo, incluidas \u00e1reas expuestas como la cara y las manos, as\u00ed como en regiones ocultas. Afecta por igual a todos los g\u00e9neros y razas y suele comenzar antes de los 30 a\u00f1os.<\/p>\n\n\n\n<h4 class=\"wp-block-heading\"><span class=\"ez-toc-section\" id=\"Causas_del_Vitiligo\"><\/span>Causas del Vit\u00edligo<span class=\"ez-toc-section-end\"><\/span><\/h4>\n\n\n\n<p>Aunque la causa exacta del vit\u00edligo sigue siendo un misterio, se considera una enfermedad multifactorial:<\/p>\n\n\n\n<ul class=\"wp-block-list\">\n<li><strong>Autoinmunidad:<\/strong> La mayor\u00eda de las evidencias apuntan a que el vit\u00edligo podr\u00eda ser una enfermedad autoinmune. Los pacientes con vit\u00edligo a menudo presentan otras enfermedades autoinmunitarias como tiroiditis de Hashimoto, diabetes mellitus tipo 1, y psoriasis.<\/li>\n\n\n\n<li><strong>Gen\u00e9tica:<\/strong> Hay un componente gen\u00e9tico fuerte, ya que los pacientes con vit\u00edligo frecuentemente tienen historial familiar de la enfermedad.<\/li>\n\n\n\n<li><strong>Factores ambientales:<\/strong> Algunos estudios sugieren que factores como el estr\u00e9s y la exposici\u00f3n a ciertos qu\u00edmicos podr\u00edan desencadenar la enfermedad.<\/li>\n<\/ul>\n\n\n\n<h4 class=\"wp-block-heading\"><span class=\"ez-toc-section\" id=\"Sintomas_del_Vitiligo\"><\/span>S\u00edntomas del Vit\u00edligo<span class=\"ez-toc-section-end\"><\/span><\/h4>\n\n\n\n<p>El principal s\u00edntoma del vit\u00edligo son las \u00e1reas de piel despigmentada. Estas manchas son m\u00e1s visibles en personas con piel oscura y pueden cubrir cualquier parte del cuerpo, incluyendo el cabello y el interior de la boca. Aunque las lesiones son principalmente est\u00e9ticas, la falta de melanina en estas \u00e1reas tambi\u00e9n implica una menor protecci\u00f3n contra los rayos ultravioleta, aumentando el riesgo de quemaduras solares y c\u00e1ncer de piel.<\/p>\n\n\n\n<h4 class=\"wp-block-heading\"><span class=\"ez-toc-section\" id=\"Tratamiento_del_Vitiligo\"><\/span>Tratamiento del Vit\u00edligo<span class=\"ez-toc-section-end\"><\/span><\/h4>\n\n\n\n<p>El tratamiento del vit\u00edligo se centra en detener la progresi\u00f3n de la despigmentaci\u00f3n y, si es posible, revertirla. Los enfoques incluyen:<\/p>\n\n\n\n<ul class=\"wp-block-list\">\n<li><strong>Corticosteroides t\u00f3picos:<\/strong> Son \u00fatiles especialmente en las etapas iniciales de la enfermedad y cuando las manchas son pocas y no muy extensas.<\/li>\n\n\n\n<li><strong>Inhibidores de la calcineurina:<\/strong> T\u00f3picos como tacr\u00f3limus o pimecr\u00f3limus, que pueden ser eficaces para inducir la repigmentaci\u00f3n.<\/li>\n\n\n\n<li><strong>Fototerapia:<\/strong> El tratamiento con luz ultravioleta B de banda estrecha ha demostrado ser uno de los m\u00e9todos m\u00e1s efectivos, especialmente cuando se combina con medicamentos que promueven la repigmentaci\u00f3n.<\/li>\n\n\n\n<li><strong>Ruxolitinib en crema:<\/strong> Este es el primer tratamiento con indicaci\u00f3n espec\u00edfica para vit\u00edligo que ha demostrado ser efectivo en la repigmentaci\u00f3n de las lesiones faciales.<\/li>\n<\/ul>\n\n\n\n<p>Adem\u00e1s del tratamiento farmacol\u00f3gico, es fundamental el apoyo psicol\u00f3gico, ya que el impacto visual del vit\u00edligo puede afectar significativamente la autoestima y la calidad de vida del paciente.<\/p>\n\n\n\n<h4 class=\"wp-block-heading\"><span class=\"ez-toc-section\" id=\"Proteccion_Solar_y_Cuidados_Adicionales\"><\/span>Protecci\u00f3n Solar y Cuidados Adicionales<span class=\"ez-toc-section-end\"><\/span><\/h4>\n\n\n\n<p>Dado que la piel afectada por vit\u00edligo es m\u00e1s susceptible a los da\u00f1os por radiaci\u00f3n UV, la protecci\u00f3n solar es crucial. Se recomienda el uso de protectores solares de amplio espectro y ropa protectora. Adem\u00e1s, los pacientes deben ser monitorizados regularmente para detectar signos de da\u00f1o solar o c\u00e1ncer de piel.<\/p>\n\n\n\n<h4 class=\"wp-block-heading\"><span class=\"ez-toc-section\" id=\"Conclusion\"><\/span>Conclusi\u00f3n<span class=\"ez-toc-section-end\"><\/span><\/h4>\n\n\n\n<p>El vit\u00edligo es m\u00e1s que una condici\u00f3n de la piel; es una enfermedad que puede afectar profundamente a los individuos en muchos aspectos de su vida. Afortunadamente, el avance en las investigaciones y tratamientos ha mejorado significativamente las perspectivas para quienes viven con esta condici\u00f3n. Con el tratamiento adecuado y el apoyo necesario, las personas con vit\u00edligo pueden manejar sus s\u00edntomas y llevar una vida plena y saludable.<\/p>\n\n\n\n<p>Si tienes vit\u00edligo o conoces a alguien que lo tenga, es crucial buscar asesoramiento m\u00e9dico y apoyo para gestionar esta condici\u00f3n de manera efectiva.<\/p>\n","protected":false},"excerpt":{"rendered":"<p>El vit\u00edligo es una enfermedad cr\u00f3nica de la piel que se manifiesta en la aparici\u00f3n de manchas blancas o despigmentadas en diferentes \u00e1reas del cuerpo. Esta condici\u00f3n afecta a entre el 0.1% y el 2% de la poblaci\u00f3n mundial, lo que equivale a millones de personas que viven con vit\u00edligo. Aunque no es una enfermedad [&hellip;]<\/p>\n","protected":false},"author":2,"featured_media":1392,"comment_status":"open","ping_status":"open","sticky":false,"template":"","format":"standard","meta":{"footnotes":""},"categories":[4,22],"tags":[],"class_list":["post-1391","post","type-post","status-publish","format-standard","has-post-thumbnail","hentry","category-cosmetica-independiente","category-manchas"],"yoast_head":"<!-- This site is optimized with the Yoast SEO plugin v22.4 - https:\/\/yoast.com\/wordpress\/plugins\/seo\/ -->\n<title>Vit\u00edligo: Causas, s\u00edntomas y tratamiento - Cosm\u00e9tica Independiente - Blog de Farmacia Moreo<\/title>\n<meta name=\"description\" content=\"Descubre el vit\u00edligo: causas, s\u00edntomas y tratamientos efectivos para manejar esta condici\u00f3n de la piel cr\u00f3nica y mejorar la calidad de vida.\" \/>\n<meta name=\"robots\" content=\"index, follow, max-snippet:-1, max-image-preview:large, max-video-preview:-1\" \/>\n<link rel=\"canonical\" href=\"https:\/\/www.farmaciamoreo.com\/blog\/todo-sobre-vitiligo-causas-tratamiento\/\" \/>\n<meta property=\"og:locale\" content=\"es_ES\" \/>\n<meta property=\"og:type\" content=\"article\" \/>\n<meta property=\"og:title\" content=\"Vit\u00edligo: Causas, s\u00edntomas y tratamiento - Cosm\u00e9tica Independiente - Blog de Farmacia Moreo\" \/>\n<meta property=\"og:description\" content=\"Descubre el vit\u00edligo: causas, s\u00edntomas y tratamientos efectivos para manejar esta condici\u00f3n de la piel cr\u00f3nica y mejorar la calidad de vida.\" \/>\n<meta property=\"og:url\" content=\"https:\/\/www.farmaciamoreo.com\/blog\/todo-sobre-vitiligo-causas-tratamiento\/\" \/>\n<meta property=\"og:site_name\" content=\"Cosm\u00e9tica Independiente - Blog de Farmacia Moreo\" \/>\n<meta property=\"article:published_time\" content=\"2024-06-19T08:13:18+00:00\" \/>\n<meta property=\"article:modified_time\" content=\"2024-06-19T08:13:19+00:00\" \/>\n<meta property=\"og:image\" content=\"https:\/\/www.farmaciamoreo.com\/blog\/wp-content\/uploads\/2024\/06\/vitiligo.webp\" \/>\n\t<meta property=\"og:image:width\" content=\"1024\" \/>\n\t<meta property=\"og:image:height\" content=\"1024\" \/>\n\t<meta property=\"og:image:type\" content=\"image\/webp\" \/>\n<meta name=\"author\" content=\"Miguel Montero\" \/>\n<meta name=\"twitter:card\" content=\"summary_large_image\" \/>\n<meta name=\"twitter:label1\" content=\"Escrito por\" \/>\n\t<meta name=\"twitter:data1\" content=\"Miguel Montero\" \/>\n\t<meta name=\"twitter:label2\" content=\"Tiempo de lectura\" \/>\n\t<meta name=\"twitter:data2\" content=\"4 minutos\" \/>\n<script type=\"application\/ld+json\" class=\"yoast-schema-graph\">{\"@context\":\"https:\/\/schema.org\",\"@graph\":[{\"@type\":\"Article\",\"@id\":\"https:\/\/www.farmaciamoreo.com\/blog\/todo-sobre-vitiligo-causas-tratamiento\/#article\",\"isPartOf\":{\"@id\":\"https:\/\/www.farmaciamoreo.com\/blog\/todo-sobre-vitiligo-causas-tratamiento\/\"},\"author\":{\"name\":\"Miguel Montero\",\"@id\":\"https:\/\/www.farmaciamoreo.com\/blog\/#\/schema\/person\/a85bf69552ab311f84be594eda459a46\"},\"headline\":\"Vit\u00edligo: Causas, s\u00edntomas y tratamiento\",\"datePublished\":\"2024-06-19T08:13:18+00:00\",\"dateModified\":\"2024-06-19T08:13:19+00:00\",\"mainEntityOfPage\":{\"@id\":\"https:\/\/www.farmaciamoreo.com\/blog\/todo-sobre-vitiligo-causas-tratamiento\/\"},\"wordCount\":699,\"commentCount\":0,\"publisher\":{\"@id\":\"https:\/\/www.farmaciamoreo.com\/blog\/#organization\"},\"image\":{\"@id\":\"https:\/\/www.farmaciamoreo.com\/blog\/todo-sobre-vitiligo-causas-tratamiento\/#primaryimage\"},\"thumbnailUrl\":\"https:\/\/www.farmaciamoreo.com\/blog\/wp-content\/uploads\/2024\/06\/vitiligo.webp\",\"articleSection\":[\"Cosm\u00e9tica independiente\",\"Manchas\"],\"inLanguage\":\"es\",\"potentialAction\":[{\"@type\":\"CommentAction\",\"name\":\"Comment\",\"target\":[\"https:\/\/www.farmaciamoreo.com\/blog\/todo-sobre-vitiligo-causas-tratamiento\/#respond\"]}]},{\"@type\":\"WebPage\",\"@id\":\"https:\/\/www.farmaciamoreo.com\/blog\/todo-sobre-vitiligo-causas-tratamiento\/\",\"url\":\"https:\/\/www.farmaciamoreo.com\/blog\/todo-sobre-vitiligo-causas-tratamiento\/\",\"name\":\"Vit\u00edligo: Causas, s\u00edntomas y tratamiento - Cosm\u00e9tica Independiente - Blog de Farmacia Moreo\",\"isPartOf\":{\"@id\":\"https:\/\/www.farmaciamoreo.com\/blog\/#website\"},\"primaryImageOfPage\":{\"@id\":\"https:\/\/www.farmaciamoreo.com\/blog\/todo-sobre-vitiligo-causas-tratamiento\/#primaryimage\"},\"image\":{\"@id\":\"https:\/\/www.farmaciamoreo.com\/blog\/todo-sobre-vitiligo-causas-tratamiento\/#primaryimage\"},\"thumbnailUrl\":\"https:\/\/www.farmaciamoreo.com\/blog\/wp-content\/uploads\/2024\/06\/vitiligo.webp\",\"datePublished\":\"2024-06-19T08:13:18+00:00\",\"dateModified\":\"2024-06-19T08:13:19+00:00\",\"description\":\"Descubre el vit\u00edligo: causas, s\u00edntomas y tratamientos efectivos para manejar esta condici\u00f3n de la piel cr\u00f3nica y mejorar la calidad de vida.\",\"breadcrumb\":{\"@id\":\"https:\/\/www.farmaciamoreo.com\/blog\/todo-sobre-vitiligo-causas-tratamiento\/#breadcrumb\"},\"inLanguage\":\"es\",\"potentialAction\":[{\"@type\":\"ReadAction\",\"target\":[\"https:\/\/www.farmaciamoreo.com\/blog\/todo-sobre-vitiligo-causas-tratamiento\/\"]}]},{\"@type\":\"ImageObject\",\"inLanguage\":\"es\",\"@id\":\"https:\/\/www.farmaciamoreo.com\/blog\/todo-sobre-vitiligo-causas-tratamiento\/#primaryimage\",\"url\":\"https:\/\/www.farmaciamoreo.com\/blog\/wp-content\/uploads\/2024\/06\/vitiligo.webp\",\"contentUrl\":\"https:\/\/www.farmaciamoreo.com\/blog\/wp-content\/uploads\/2024\/06\/vitiligo.webp\",\"width\":1024,\"height\":1024},{\"@type\":\"BreadcrumbList\",\"@id\":\"https:\/\/www.farmaciamoreo.com\/blog\/todo-sobre-vitiligo-causas-tratamiento\/#breadcrumb\",\"itemListElement\":[{\"@type\":\"ListItem\",\"position\":1,\"name\":\"Portada\",\"item\":\"https:\/\/www.farmaciamoreo.com\/blog\/\"},{\"@type\":\"ListItem\",\"position\":2,\"name\":\"Vit\u00edligo: Causas, s\u00edntomas y tratamiento\"}]},{\"@type\":\"WebSite\",\"@id\":\"https:\/\/www.farmaciamoreo.com\/blog\/#website\",\"url\":\"https:\/\/www.farmaciamoreo.com\/blog\/\",\"name\":\"Cosm\u00e9tica Independiente - Blog de Farmacia Moreo\",\"description\":\"Cosm\u00e9tica Independiente - Blog de Farmacia Moreo\",\"publisher\":{\"@id\":\"https:\/\/www.farmaciamoreo.com\/blog\/#organization\"},\"potentialAction\":[{\"@type\":\"SearchAction\",\"target\":{\"@type\":\"EntryPoint\",\"urlTemplate\":\"https:\/\/www.farmaciamoreo.com\/blog\/?s={search_term_string}\"},\"query-input\":\"required name=search_term_string\"}],\"inLanguage\":\"es\"},{\"@type\":\"Organization\",\"@id\":\"https:\/\/www.farmaciamoreo.com\/blog\/#organization\",\"name\":\"Farmacia Moreo\",\"url\":\"https:\/\/www.farmaciamoreo.com\/blog\/\",\"logo\":{\"@type\":\"ImageObject\",\"inLanguage\":\"es\",\"@id\":\"https:\/\/www.farmaciamoreo.com\/blog\/#\/schema\/logo\/image\/\",\"url\":\"https:\/\/www.farmaciamoreo.com\/blog\/wp-content\/uploads\/2023\/02\/farmacia-moreo-logo-1642152766.png\",\"contentUrl\":\"https:\/\/www.farmaciamoreo.com\/blog\/wp-content\/uploads\/2023\/02\/farmacia-moreo-logo-1642152766.png\",\"width\":200,\"height\":161,\"caption\":\"Farmacia Moreo\"},\"image\":{\"@id\":\"https:\/\/www.farmaciamoreo.com\/blog\/#\/schema\/logo\/image\/\"},\"sameAs\":[\"https:\/\/www.instagram.com\/farmaciacarmenmoreo\/\"]},{\"@type\":\"Person\",\"@id\":\"https:\/\/www.farmaciamoreo.com\/blog\/#\/schema\/person\/a85bf69552ab311f84be594eda459a46\",\"name\":\"Miguel Montero\",\"image\":{\"@type\":\"ImageObject\",\"inLanguage\":\"es\",\"@id\":\"https:\/\/www.farmaciamoreo.com\/blog\/#\/schema\/person\/image\/\",\"url\":\"https:\/\/secure.gravatar.com\/avatar\/9d2db4a6adcb3298e2e593cb4a22ab03cb0fe923c751d173f70489e1ae4ba697?s=96&d=mm&r=g\",\"contentUrl\":\"https:\/\/secure.gravatar.com\/avatar\/9d2db4a6adcb3298e2e593cb4a22ab03cb0fe923c751d173f70489e1ae4ba697?s=96&d=mm&r=g\",\"caption\":\"Miguel Montero\"},\"description\":\"Farmac\u00e9utico, especialista en cosm\u00e9tica y t\u00e9cnico en ortopedia. Vocal de Dermofarmacia del Colegio Oficial de Farmac\u00e9uticos de Zaragoza. Gerente en Farmacia Moreo.\",\"sameAs\":[\"http:\/\/www.farmaciamoreo.com\",\"https:\/\/www.instagram.com\/farmaciacarmenmoreo\/?hl=es\",\"linkedin.com\/in\/miguel-montero-moreo-17327a267\",\"https:\/\/www.youtube.com\/@farmaciamoreo4965\"],\"url\":\"https:\/\/www.farmaciamoreo.com\/blog\/author\/miguel\/\"}]}<\/script>\n<!-- \/ Yoast SEO plugin. -->","yoast_head_json":{"title":"Vit\u00edligo: Causas, s\u00edntomas y tratamiento - Cosm\u00e9tica Independiente - Blog de Farmacia Moreo","description":"Descubre el vit\u00edligo: causas, s\u00edntomas y tratamientos efectivos para manejar esta condici\u00f3n de la piel cr\u00f3nica y mejorar la calidad de vida.","robots":{"index":"index","follow":"follow","max-snippet":"max-snippet:-1","max-image-preview":"max-image-preview:large","max-video-preview":"max-video-preview:-1"},"canonical":"https:\/\/www.farmaciamoreo.com\/blog\/todo-sobre-vitiligo-causas-tratamiento\/","og_locale":"es_ES","og_type":"article","og_title":"Vit\u00edligo: Causas, s\u00edntomas y tratamiento - Cosm\u00e9tica Independiente - Blog de Farmacia Moreo","og_description":"Descubre el vit\u00edligo: causas, s\u00edntomas y tratamientos efectivos para manejar esta condici\u00f3n de la piel cr\u00f3nica y mejorar la calidad de vida.","og_url":"https:\/\/www.farmaciamoreo.com\/blog\/todo-sobre-vitiligo-causas-tratamiento\/","og_site_name":"Cosm\u00e9tica Independiente - Blog de Farmacia Moreo","article_published_time":"2024-06-19T08:13:18+00:00","article_modified_time":"2024-06-19T08:13:19+00:00","og_image":[{"width":1024,"height":1024,"url":"https:\/\/www.farmaciamoreo.com\/blog\/wp-content\/uploads\/2024\/06\/vitiligo.webp","type":"image\/webp"}],"author":"Miguel Montero","twitter_card":"summary_large_image","twitter_misc":{"Escrito por":"Miguel Montero","Tiempo de lectura":"4 minutos"},"schema":{"@context":"https:\/\/schema.org","@graph":[{"@type":"Article","@id":"https:\/\/www.farmaciamoreo.com\/blog\/todo-sobre-vitiligo-causas-tratamiento\/#article","isPartOf":{"@id":"https:\/\/www.farmaciamoreo.com\/blog\/todo-sobre-vitiligo-causas-tratamiento\/"},"author":{"name":"Miguel Montero","@id":"https:\/\/www.farmaciamoreo.com\/blog\/#\/schema\/person\/a85bf69552ab311f84be594eda459a46"},"headline":"Vit\u00edligo: Causas, s\u00edntomas y tratamiento","datePublished":"2024-06-19T08:13:18+00:00","dateModified":"2024-06-19T08:13:19+00:00","mainEntityOfPage":{"@id":"https:\/\/www.farmaciamoreo.com\/blog\/todo-sobre-vitiligo-causas-tratamiento\/"},"wordCount":699,"commentCount":0,"publisher":{"@id":"https:\/\/www.farmaciamoreo.com\/blog\/#organization"},"image":{"@id":"https:\/\/www.farmaciamoreo.com\/blog\/todo-sobre-vitiligo-causas-tratamiento\/#primaryimage"},"thumbnailUrl":"https:\/\/www.farmaciamoreo.com\/blog\/wp-content\/uploads\/2024\/06\/vitiligo.webp","articleSection":["Cosm\u00e9tica independiente","Manchas"],"inLanguage":"es","potentialAction":[{"@type":"CommentAction","name":"Comment","target":["https:\/\/www.farmaciamoreo.com\/blog\/todo-sobre-vitiligo-causas-tratamiento\/#respond"]}]},{"@type":"WebPage","@id":"https:\/\/www.farmaciamoreo.com\/blog\/todo-sobre-vitiligo-causas-tratamiento\/","url":"https:\/\/www.farmaciamoreo.com\/blog\/todo-sobre-vitiligo-causas-tratamiento\/","name":"Vit\u00edligo: Causas, s\u00edntomas y tratamiento - Cosm\u00e9tica Independiente - Blog de Farmacia Moreo","isPartOf":{"@id":"https:\/\/www.farmaciamoreo.com\/blog\/#website"},"primaryImageOfPage":{"@id":"https:\/\/www.farmaciamoreo.com\/blog\/todo-sobre-vitiligo-causas-tratamiento\/#primaryimage"},"image":{"@id":"https:\/\/www.farmaciamoreo.com\/blog\/todo-sobre-vitiligo-causas-tratamiento\/#primaryimage"},"thumbnailUrl":"https:\/\/www.farmaciamoreo.com\/blog\/wp-content\/uploads\/2024\/06\/vitiligo.webp","datePublished":"2024-06-19T08:13:18+00:00","dateModified":"2024-06-19T08:13:19+00:00","description":"Descubre el vit\u00edligo: causas, s\u00edntomas y tratamientos efectivos para manejar esta condici\u00f3n de la piel cr\u00f3nica y mejorar la calidad de vida.","breadcrumb":{"@id":"https:\/\/www.farmaciamoreo.com\/blog\/todo-sobre-vitiligo-causas-tratamiento\/#breadcrumb"},"inLanguage":"es","potentialAction":[{"@type":"ReadAction","target":["https:\/\/www.farmaciamoreo.com\/blog\/todo-sobre-vitiligo-causas-tratamiento\/"]}]},{"@type":"ImageObject","inLanguage":"es","@id":"https:\/\/www.farmaciamoreo.com\/blog\/todo-sobre-vitiligo-causas-tratamiento\/#primaryimage","url":"https:\/\/www.farmaciamoreo.com\/blog\/wp-content\/uploads\/2024\/06\/vitiligo.webp","contentUrl":"https:\/\/www.farmaciamoreo.com\/blog\/wp-content\/uploads\/2024\/06\/vitiligo.webp","width":1024,"height":1024},{"@type":"BreadcrumbList","@id":"https:\/\/www.farmaciamoreo.com\/blog\/todo-sobre-vitiligo-causas-tratamiento\/#breadcrumb","itemListElement":[{"@type":"ListItem","position":1,"name":"Portada","item":"https:\/\/www.farmaciamoreo.com\/blog\/"},{"@type":"ListItem","position":2,"name":"Vit\u00edligo: Causas, s\u00edntomas y tratamiento"}]},{"@type":"WebSite","@id":"https:\/\/www.farmaciamoreo.com\/blog\/#website","url":"https:\/\/www.farmaciamoreo.com\/blog\/","name":"Cosm\u00e9tica Independiente - Blog de Farmacia Moreo","description":"Cosm\u00e9tica Independiente - Blog de Farmacia Moreo","publisher":{"@id":"https:\/\/www.farmaciamoreo.com\/blog\/#organization"},"potentialAction":[{"@type":"SearchAction","target":{"@type":"EntryPoint","urlTemplate":"https:\/\/www.farmaciamoreo.com\/blog\/?s={search_term_string}"},"query-input":"required name=search_term_string"}],"inLanguage":"es"},{"@type":"Organization","@id":"https:\/\/www.farmaciamoreo.com\/blog\/#organization","name":"Farmacia Moreo","url":"https:\/\/www.farmaciamoreo.com\/blog\/","logo":{"@type":"ImageObject","inLanguage":"es","@id":"https:\/\/www.farmaciamoreo.com\/blog\/#\/schema\/logo\/image\/","url":"https:\/\/www.farmaciamoreo.com\/blog\/wp-content\/uploads\/2023\/02\/farmacia-moreo-logo-1642152766.png","contentUrl":"https:\/\/www.farmaciamoreo.com\/blog\/wp-content\/uploads\/2023\/02\/farmacia-moreo-logo-1642152766.png","width":200,"height":161,"caption":"Farmacia Moreo"},"image":{"@id":"https:\/\/www.farmaciamoreo.com\/blog\/#\/schema\/logo\/image\/"},"sameAs":["https:\/\/www.instagram.com\/farmaciacarmenmoreo\/"]},{"@type":"Person","@id":"https:\/\/www.farmaciamoreo.com\/blog\/#\/schema\/person\/a85bf69552ab311f84be594eda459a46","name":"Miguel Montero","image":{"@type":"ImageObject","inLanguage":"es","@id":"https:\/\/www.farmaciamoreo.com\/blog\/#\/schema\/person\/image\/","url":"https:\/\/secure.gravatar.com\/avatar\/9d2db4a6adcb3298e2e593cb4a22ab03cb0fe923c751d173f70489e1ae4ba697?s=96&d=mm&r=g","contentUrl":"https:\/\/secure.gravatar.com\/avatar\/9d2db4a6adcb3298e2e593cb4a22ab03cb0fe923c751d173f70489e1ae4ba697?s=96&d=mm&r=g","caption":"Miguel Montero"},"description":"Farmac\u00e9utico, especialista en cosm\u00e9tica y t\u00e9cnico en ortopedia. Vocal de Dermofarmacia del Colegio Oficial de Farmac\u00e9uticos de Zaragoza. Gerente en Farmacia Moreo.","sameAs":["http:\/\/www.farmaciamoreo.com","https:\/\/www.instagram.com\/farmaciacarmenmoreo\/?hl=es","linkedin.com\/in\/miguel-montero-moreo-17327a267","https:\/\/www.youtube.com\/@farmaciamoreo4965"],"url":"https:\/\/www.farmaciamoreo.com\/blog\/author\/miguel\/"}]}},"_links":{"self":[{"href":"https:\/\/www.farmaciamoreo.com\/blog\/wp-json\/wp\/v2\/posts\/1391","targetHints":{"allow":["GET"]}}],"collection":[{"href":"https:\/\/www.farmaciamoreo.com\/blog\/wp-json\/wp\/v2\/posts"}],"about":[{"href":"https:\/\/www.farmaciamoreo.com\/blog\/wp-json\/wp\/v2\/types\/post"}],"author":[{"embeddable":true,"href":"https:\/\/www.farmaciamoreo.com\/blog\/wp-json\/wp\/v2\/users\/2"}],"replies":[{"embeddable":true,"href":"https:\/\/www.farmaciamoreo.com\/blog\/wp-json\/wp\/v2\/comments?post=1391"}],"version-history":[{"count":1,"href":"https:\/\/www.farmaciamoreo.com\/blog\/wp-json\/wp\/v2\/posts\/1391\/revisions"}],"predecessor-version":[{"id":1393,"href":"https:\/\/www.farmaciamoreo.com\/blog\/wp-json\/wp\/v2\/posts\/1391\/revisions\/1393"}],"wp:featuredmedia":[{"embeddable":true,"href":"https:\/\/www.farmaciamoreo.com\/blog\/wp-json\/wp\/v2\/media\/1392"}],"wp:attachment":[{"href":"https:\/\/www.farmaciamoreo.com\/blog\/wp-json\/wp\/v2\/media?parent=1391"}],"wp:term":[{"taxonomy":"category","embeddable":true,"href":"https:\/\/www.farmaciamoreo.com\/blog\/wp-json\/wp\/v2\/categories?post=1391"},{"taxonomy":"post_tag","embeddable":true,"href":"https:\/\/www.farmaciamoreo.com\/blog\/wp-json\/wp\/v2\/tags?post=1391"}],"curies":[{"name":"wp","href":"https:\/\/api.w.org\/{rel}","templated":true}]}}