{"id":1378,"date":"2024-06-08T11:42:24","date_gmt":"2024-06-08T11:42:24","guid":{"rendered":"https:\/\/www.farmaciamoreo.com\/blog\/?p=1378"},"modified":"2024-06-08T11:44:41","modified_gmt":"2024-06-08T11:44:41","slug":"tratamiento-queratosis-actinica","status":"publish","type":"post","link":"https:\/\/www.farmaciamoreo.com\/blog\/tratamiento-queratosis-actinica\/","title":{"rendered":"Queratosis Act\u00ednica: Prevenci\u00f3n y Tratamiento"},"content":{"rendered":"<div id=\"ez-toc-container\" class=\"ez-toc-v2_0_67_1 counter-hierarchy ez-toc-counter ez-toc-white ez-toc-container-direction\">\n<div class=\"ez-toc-title-container\">\n<p class=\"ez-toc-title \" >Contenido<\/p>\n<span class=\"ez-toc-title-toggle\"><a href=\"#\" class=\"ez-toc-pull-right ez-toc-btn ez-toc-btn-xs ez-toc-btn-default ez-toc-toggle\" aria-label=\"Toggle Table of Content\"><span class=\"ez-toc-js-icon-con\"><span class=\"\"><span class=\"eztoc-hide\" style=\"display:none;\">Toggle<\/span><span class=\"ez-toc-icon-toggle-span\"><svg style=\"fill: #999;color:#999\" xmlns=\"http:\/\/www.w3.org\/2000\/svg\" class=\"list-377408\" width=\"20px\" height=\"20px\" viewBox=\"0 0 24 24\" fill=\"none\"><path d=\"M6 6H4v2h2V6zm14 0H8v2h12V6zM4 11h2v2H4v-2zm16 0H8v2h12v-2zM4 16h2v2H4v-2zm16 0H8v2h12v-2z\" fill=\"currentColor\"><\/path><\/svg><svg style=\"fill: #999;color:#999\" class=\"arrow-unsorted-368013\" xmlns=\"http:\/\/www.w3.org\/2000\/svg\" width=\"10px\" height=\"10px\" viewBox=\"0 0 24 24\" version=\"1.2\" baseProfile=\"tiny\"><path d=\"M18.2 9.3l-6.2-6.3-6.2 6.3c-.2.2-.3.4-.3.7s.1.5.3.7c.2.2.4.3.7.3h11c.3 0 .5-.1.7-.3.2-.2.3-.5.3-.7s-.1-.5-.3-.7zM5.8 14.7l6.2 6.3 6.2-6.3c.2-.2.3-.5.3-.7s-.1-.5-.3-.7c-.2-.2-.4-.3-.7-.3h-11c-.3 0-.5.1-.7.3-.2.2-.3.5-.3.7s.1.5.3.7z\"\/><\/svg><\/span><\/span><\/span><\/a><\/span><\/div>\n<nav><ul class='ez-toc-list ez-toc-list-level-1 ' ><li class='ez-toc-page-1 ez-toc-heading-level-2'><a class=\"ez-toc-link ez-toc-heading-1\" href=\"https:\/\/www.farmaciamoreo.com\/blog\/tratamiento-queratosis-actinica\/#%C2%BFQue_es_la_Queratosis_Actinica\" title=\"\u00bfQu\u00e9 es la Queratosis Act\u00ednica?\">\u00bfQu\u00e9 es la Queratosis Act\u00ednica?<\/a><\/li><li class='ez-toc-page-1 ez-toc-heading-level-2'><a class=\"ez-toc-link ez-toc-heading-2\" href=\"https:\/\/www.farmaciamoreo.com\/blog\/tratamiento-queratosis-actinica\/#Factores_de_Riesgo_de_la_Queratosis_Actinica\" title=\"Factores de Riesgo de la Queratosis Act\u00ednica\">Factores de Riesgo de la Queratosis Act\u00ednica<\/a><\/li><li class='ez-toc-page-1 ez-toc-heading-level-2'><a class=\"ez-toc-link ez-toc-heading-3\" href=\"https:\/\/www.farmaciamoreo.com\/blog\/tratamiento-queratosis-actinica\/#Prevencion_de_la_Queratosis_Actinica\" title=\"Prevenci\u00f3n de la Queratosis Act\u00ednica\">Prevenci\u00f3n de la Queratosis Act\u00ednica<\/a><\/li><li class='ez-toc-page-1 ez-toc-heading-level-2'><a class=\"ez-toc-link ez-toc-heading-4\" href=\"https:\/\/www.farmaciamoreo.com\/blog\/tratamiento-queratosis-actinica\/#Opciones_de_Tratamiento_para_la_Queratosis_Actinica\" title=\"Opciones de Tratamiento para la Queratosis Act\u00ednica\">Opciones de Tratamiento para la Queratosis Act\u00ednica<\/a><ul class='ez-toc-list-level-3' ><li class='ez-toc-heading-level-3'><a class=\"ez-toc-link ez-toc-heading-5\" href=\"https:\/\/www.farmaciamoreo.com\/blog\/tratamiento-queratosis-actinica\/#Tratamientos_de_farmacia\" title=\"Tratamientos de farmacia\">Tratamientos de farmacia<\/a><\/li><li class='ez-toc-page-1 ez-toc-heading-level-3'><a class=\"ez-toc-link ez-toc-heading-6\" href=\"https:\/\/www.farmaciamoreo.com\/blog\/tratamiento-queratosis-actinica\/#Tratamientos_de_prescripcion_medica\" title=\"Tratamientos de prescripci\u00f3n medica\">Tratamientos de prescripci\u00f3n medica<\/a><\/li><\/ul><\/li><li class='ez-toc-page-1 ez-toc-heading-level-2'><a class=\"ez-toc-link ez-toc-heading-7\" href=\"https:\/\/www.farmaciamoreo.com\/blog\/tratamiento-queratosis-actinica\/#Conclusion\" title=\"Conclusi\u00f3n\">Conclusi\u00f3n<\/a><\/li><\/ul><\/nav><\/div>\n\n<p>La queratosis act\u00ednica (QA o AK), com\u00fanmente conocida como queratosis solar, es una afecci\u00f3n cut\u00e1nea premaligna que se forma como resultado de la exposici\u00f3n acumulada a la radiaci\u00f3n ultravioleta (UV) del sol. Hoy en Cosm\u00e9tica Independiente os ofrecemos una visi\u00f3n completa sobre qu\u00e9 es la queratosis act\u00ednica, c\u00f3mo prevenirla y las opciones de tratamiento disponibles. Si usted o alguien cercano ha desarrollado parches \u00e1speros y escamosos en la piel, es esencial entender las causas, los riesgos y las medidas efectivas para manejar esta condici\u00f3n potencialmente seria.<\/p>\n\n\n\n<h2 class=\"wp-block-heading\"><span class=\"ez-toc-section\" id=\"%C2%BFQue_es_la_Queratosis_Actinica\"><\/span>\u00bfQu\u00e9 es la Queratosis Act\u00ednica?<span class=\"ez-toc-section-end\"><\/span><\/h2>\n\n\n\n<p>La queratosis act\u00ednica se presenta t\u00edpicamente como parches escamosos o costras en las \u00e1reas del cuerpo m\u00e1s expuestas al sol, como el rostro, las orejas, los labios, las manos, los brazos y el cuero cabelludo en personas calvas. Estas lesiones pueden variar en color, desde tonos de piel normales hasta rojos o marrones, y a menudo son \u00e1speras al tacto. Aunque la QA es considerada precancerosa, con el tratamiento adecuado, la mayor\u00eda de las lesiones no evolucionan a c\u00e1ncer. Sin embargo, dado que tienen el potencial de convertirse en carcinoma escamocelular, un tipo de c\u00e1ncer de piel, es crucial tomar medidas preventivas y consultar a un dermat\u00f3logo si detecta cambios en la piel.<\/p>\n\n\n\n<h2 class=\"wp-block-heading\"><span class=\"ez-toc-section\" id=\"Factores_de_Riesgo_de_la_Queratosis_Actinica\"><\/span>Factores de Riesgo de la Queratosis Act\u00ednica<span class=\"ez-toc-section-end\"><\/span><\/h2>\n\n\n\n<p>Los principales factores de riesgo para desarrollar queratosis act\u00ednica incluyen:<\/p>\n\n\n\n<ul class=\"wp-block-list\">\n<li><strong>Exposici\u00f3n prolongada al sol<\/strong>: La exposici\u00f3n frecuente al sol sin protecci\u00f3n adecuada es el mayor factor de riesgo.<\/li>\n\n\n\n<li><strong>Edad avanzada<\/strong>: Los mayores tienen m\u00e1s riesgo debido a la exposici\u00f3n acumulada al sol a lo largo de los a\u00f1os.<\/li>\n\n\n\n<li><strong>Piel clara<\/strong>: Las personas con piel, ojos y cabello claros tienen un mayor riesgo debido a la menor cantidad de melanina, que ayuda a proteger contra los da\u00f1os solares.<\/li>\n\n\n\n<li><strong>Historial de quemaduras solares<\/strong>: Las quemaduras solares, especialmente las severas durante la infancia, aumentan significativamente el riesgo.<\/li>\n<\/ul>\n\n\n\n<h2 class=\"wp-block-heading\"><span class=\"ez-toc-section\" id=\"Prevencion_de_la_Queratosis_Actinica\"><\/span>Prevenci\u00f3n de la Queratosis Act\u00ednica<span class=\"ez-toc-section-end\"><\/span><\/h2>\n\n\n\n<p>La prevenci\u00f3n de la queratosis act\u00ednica se centra principalmente en la protecci\u00f3n solar:<\/p>\n\n\n\n<ul class=\"wp-block-list\">\n<li><strong>Uso de protector solar<\/strong>: Aplique un protector solar de amplio espectro con un SPF de 30 o m\u00e1s, incluso en d\u00edas nublados.<\/li>\n<\/ul>\n\n\n\n<p class=\"has-text-align-center\"><strong>ERYFOTONA AK-NMSC FLUIDO 50 ML<\/strong><\/p>\n\n\n\n<figure class=\"wp-block-image aligncenter size-large is-resized\"><img loading=\"lazy\" decoding=\"async\" width=\"1024\" height=\"1024\" src=\"https:\/\/www.farmaciamoreo.com\/blog\/wp-content\/uploads\/2024\/06\/eryfotona-1024x1024.jpg\" alt=\"\" class=\"wp-image-1380\" style=\"width:473px;height:auto\" srcset=\"https:\/\/www.farmaciamoreo.com\/blog\/wp-content\/uploads\/2024\/06\/eryfotona-1024x1024.jpg 1024w, https:\/\/www.farmaciamoreo.com\/blog\/wp-content\/uploads\/2024\/06\/eryfotona-300x300.jpg 300w, https:\/\/www.farmaciamoreo.com\/blog\/wp-content\/uploads\/2024\/06\/eryfotona-150x150.jpg 150w, https:\/\/www.farmaciamoreo.com\/blog\/wp-content\/uploads\/2024\/06\/eryfotona-768x768.jpg 768w, https:\/\/www.farmaciamoreo.com\/blog\/wp-content\/uploads\/2024\/06\/eryfotona.jpg 1200w\" sizes=\"auto, (max-width: 1024px) 100vw, 1024px\" \/><\/figure>\n\n\n\n<p class=\"has-text-align-center\"><strong><a href=\"https:\/\/www.farmaciamoreo.com\/facial\/681-eryfotona-ak-nmsc-fluido-50-ml.html\" target=\"_blank\" rel=\"noreferrer noopener\">Haz click para m\u00e1s informaci\u00f3n<\/a><\/strong><\/p>\n\n\n\n<p>Es un avanzado protector solar dise\u00f1ado espec\u00edficamente para la prevenci\u00f3n y tratamiento protector adyuvante de la queratosis act\u00ednica (AK) y otras formas de c\u00e1ncer cut\u00e1neo no melanoma (NMSC). Este producto se distingue por su capacidad para crear una pel\u00edcula protectora de ADN Repairsomes\u00ae sobre la piel, que no solo absorbe, refleja y dispersa la radiaci\u00f3n solar, sino que tambi\u00e9n favorece la reparaci\u00f3n del da\u00f1o act\u00ednico. La formulaci\u00f3n incluye un complejo de filtros UVA-UVB y extracto de plancton, enriquecido con tocoferol acetato, pantenol y bisabolol que juntos trabajan para mejorar y reducir el campo de cancerizaci\u00f3n cut\u00e1neo subcl\u00ednico. Con una textura ligera que se vuelve m\u00e1s fluida al aplicar, Eryfotona\u00ae se funde perfectamente con la piel, haci\u00e9ndolo ideal para personas con historial de queratosis act\u00ednica, c\u00e1ncer cut\u00e1neo no melanoma, o aquellos con antecedentes familiares de estas condiciones. Este producto es imprescindible para quienes buscan una soluci\u00f3n eficaz contra las lesiones precancerosas y el c\u00e1ncer cut\u00e1neo, proporcionando una protecci\u00f3n solar diaria mientras trata y previene la aparici\u00f3n de nuevas lesiones.<\/p>\n\n\n\n<p class=\"has-text-align-center\"><strong>EUCERIN ACTINIC CONTROL FPS 100<\/strong><\/p>\n\n\n\n<figure class=\"wp-block-image aligncenter size-full is-resized\"><img loading=\"lazy\" decoding=\"async\" width=\"405\" height=\"405\" src=\"https:\/\/www.farmaciamoreo.com\/blog\/wp-content\/uploads\/2024\/06\/7ebba46f4e16443ab022b2d674e76ebd-screen.jpg\" alt=\"\" class=\"wp-image-1383\" style=\"width:412px;height:auto\" srcset=\"https:\/\/www.farmaciamoreo.com\/blog\/wp-content\/uploads\/2024\/06\/7ebba46f4e16443ab022b2d674e76ebd-screen.jpg 405w, https:\/\/www.farmaciamoreo.com\/blog\/wp-content\/uploads\/2024\/06\/7ebba46f4e16443ab022b2d674e76ebd-screen-300x300.jpg 300w, https:\/\/www.farmaciamoreo.com\/blog\/wp-content\/uploads\/2024\/06\/7ebba46f4e16443ab022b2d674e76ebd-screen-150x150.jpg 150w\" sizes=\"auto, (max-width: 405px) 100vw, 405px\" \/><\/figure>\n\n\n\n<p class=\"has-text-align-center\"><strong><a href=\"https:\/\/www.farmaciamoreo.com\/facial\/98-eucerin-actinic-control-fps-100-1-envase-80-ml.html\" target=\"_blank\" rel=\"noreferrer noopener\">Haz click para m\u00e1s informaci\u00f3n<\/a><\/strong><\/p>\n\n\n\n<p>Actinic Control MD FPS 100 es un producto sanitario avanzado dise\u00f1ado espec\u00edficamente para la prevenci\u00f3n de la queratosis act\u00ednica y el c\u00e1ncer de piel no melanoma. Este protector solar de alto rendimiento con un factor de protecci\u00f3n solar (FPS) de 100 bloquea aproximadamente el 99 % de la radiaci\u00f3n UVB, la principal responsable del da\u00f1o celular que puede provocar queratosis act\u00ednica. Este tipo de lesi\u00f3n cut\u00e1nea, si no se maneja adecuadamente, tiene el potencial de evolucionar hacia un carcinoma de c\u00e9lulas escamosas, un tipo de c\u00e1ncer de piel no melanoma.<\/p>\n\n\n\n<p>Actinic Control MD no solo ofrece una protecci\u00f3n excepcional contra los da\u00f1os del sol, sino que tambi\u00e9n act\u00faa como tratamiento coadyuvante para aquellos que ya est\u00e1n enfrentando las consecuencias del da\u00f1o solar en forma de queratosis act\u00ednica. Su f\u00f3rmula de fluido ligero asegura una aplicaci\u00f3n f\u00e1cil y agradable, convirti\u00e9ndolo en una opci\u00f3n ideal para el uso diario. La capacidad de este protector solar para compensar incluso la aplicaci\u00f3n deficiente lo hace a\u00fan m\u00e1s efectivo, asegurando que la piel est\u00e9 bien protegida durante todas las actividades al aire libre, lo que es esencial para prevenir el desarrollo y progresi\u00f3n de lesiones act\u00ednicas y proteger la salud de la piel a largo plazo.<\/p>\n\n\n\n<p><\/p>\n\n\n\n<ul class=\"wp-block-list\">\n<li><strong>Ropa protectora<\/strong>: Use sombreros de ala ancha, camisas de manga larga y pantalones cuando est\u00e9 al aire libre.<\/li>\n\n\n\n<li><strong>Evitar el sol del mediod\u00eda<\/strong>: El sol es m\u00e1s fuerte entre las 10 a.m. y las 4 p.m. Trate de estar a la sombra durante estas horas.<\/li>\n\n\n\n<li><strong>Examinaciones de piel regulares<\/strong>: Realice autoex\u00e1menes mensuales y visite a un dermat\u00f3logo anualmente para controles de la piel.<\/li>\n<\/ul>\n\n\n\n<h2 class=\"wp-block-heading\"><span class=\"ez-toc-section\" id=\"Opciones_de_Tratamiento_para_la_Queratosis_Actinica\"><\/span>Opciones de Tratamiento para la Queratosis Act\u00ednica<span class=\"ez-toc-section-end\"><\/span><\/h2>\n\n\n\n<p>El tratamiento de la queratosis act\u00ednica var\u00eda seg\u00fan la severidad y la cantidad de lesiones. Algunas opciones incluyen:<\/p>\n\n\n\n<h3 class=\"wp-block-heading\"><span class=\"ez-toc-section\" id=\"Tratamientos_de_farmacia\"><\/span>Tratamientos de farmacia<span class=\"ez-toc-section-end\"><\/span><\/h3>\n\n\n\n<p>Existen productos con retinoides y derivados como el <strong>bakuchiol <\/strong>, que promueven la renovaci\u00f3n celular y pueden reducir la severidad de las lesiones act\u00ednicas. Otros ingredientes como los p\u00e9ptidos reparadores y extractos bot\u00e1nicos contribuyen a mejorar la textura y la apariencia de la piel afectada. Estos productos cosm\u00e9ticos no solo mejoran la salud y la apariencia de la piel, sino que tambi\u00e9n ofrecen una capa adicional de defensa contra el desarrollo de c\u00e1ncer de piel.<\/p>\n\n\n\n<p class=\"has-text-align-center\"><strong>THE LAB SERUM N\u00ba 3 RENOVADOR ANTIENVEJECIMIENTO&nbsp;<\/strong><\/p>\n\n\n\n<figure class=\"wp-block-image aligncenter size-full is-resized\"><img loading=\"lazy\" decoding=\"async\" width=\"236\" height=\"305\" src=\"https:\/\/www.farmaciamoreo.com\/blog\/wp-content\/uploads\/2024\/06\/the-lab-serum-n3-renovador-antienvejecimiento-30ml.jpg\" alt=\"\" class=\"wp-image-1381\" style=\"width:297px;height:auto\" srcset=\"https:\/\/www.farmaciamoreo.com\/blog\/wp-content\/uploads\/2024\/06\/the-lab-serum-n3-renovador-antienvejecimiento-30ml.jpg 236w, https:\/\/www.farmaciamoreo.com\/blog\/wp-content\/uploads\/2024\/06\/the-lab-serum-n3-renovador-antienvejecimiento-30ml-232x300.jpg 232w\" sizes=\"auto, (max-width: 236px) 100vw, 236px\" \/><\/figure>\n\n\n\n<p class=\"has-text-align-center\"><strong><a href=\"https:\/\/www.farmaciamoreo.com\/cremas-farmacia-serums\/4039-the-lab-serum-n-3-renovador-antienvejecimiento-1-envase-30-ml.html\" target=\"_blank\" rel=\"noreferrer noopener\">Haz click para m\u00e1s informaci\u00f3n<\/a><\/strong><\/p>\n\n\n\n<p>El S\u00e9rum N\u00ba 3 Renovador Antienvejecimiento de The Lab es un aliado esencial para quienes buscan no solo combatir los signos del envejecimiento, sino tambi\u00e9n tratar y prevenir la queratosis act\u00ednica. Este producto destaca por su potente mezcla de ingredientes como el Bakuchiol y Alfa-Hidroxi\u00e1cidos (AHAs), que incluyen \u00e1cido mand\u00e9lico, glic\u00f3lico y l\u00e1ctico, junto con un conjunto de extractos de frutas que ofrecen un efecto renovador sobre la piel. Estos componentes facilitan la exfoliaci\u00f3n y la regeneraci\u00f3n celular, propiedades cruciales para mejorar la textura de la piel afectada por queratosis act\u00ednica, alisando las \u00e1reas rugosas y reduciendo las lesiones precancerosas visibles.<\/p>\n\n\n\n<p>Adem\u00e1s, la Niacinamida en su formulaci\u00f3n fortalece la barrera cut\u00e1nea y proporciona antioxidantes que protegen contra el da\u00f1o solar, mientras su acci\u00f3n despigmentante ayuda a uniformar el tono de la piel y mejorar la apariencia de manchas y cicatrices, que son comunes en \u00e1reas afectadas por queratosis act\u00ednica. La Carnosina a\u00f1ade un beneficio adicional, previniendo la glicaci\u00f3n y mejorando la firmeza y elasticidad de la piel, lo cual es vital en el manejo de los efectos cr\u00f3nicos del da\u00f1o solar. En conjunto, este s\u00e9rum no solo rejuvenece la piel, sino que tambi\u00e9n contribuye a un cuidado integral frente a las manifestaciones tempranas del c\u00e1ncer cut\u00e1neo no melanoma.<\/p>\n\n\n\n<p><\/p>\n\n\n\n<p class=\"has-text-align-center\"><strong>ISDIN ERYFOTONA NIGHT ULTRA FLUID&nbsp;<\/strong><\/p>\n\n\n\n<figure class=\"wp-block-image aligncenter size-large is-resized\"><img loading=\"lazy\" decoding=\"async\" width=\"862\" height=\"1024\" src=\"https:\/\/www.farmaciamoreo.com\/blog\/wp-content\/uploads\/2024\/06\/isdin-eryfotona-night-ultra-fluid-50-ml-862x1024.jpg\" alt=\"\" class=\"wp-image-1382\" style=\"width:295px;height:auto\" srcset=\"https:\/\/www.farmaciamoreo.com\/blog\/wp-content\/uploads\/2024\/06\/isdin-eryfotona-night-ultra-fluid-50-ml-862x1024.jpg 862w, https:\/\/www.farmaciamoreo.com\/blog\/wp-content\/uploads\/2024\/06\/isdin-eryfotona-night-ultra-fluid-50-ml-253x300.jpg 253w, https:\/\/www.farmaciamoreo.com\/blog\/wp-content\/uploads\/2024\/06\/isdin-eryfotona-night-ultra-fluid-50-ml-768x912.jpg 768w, https:\/\/www.farmaciamoreo.com\/blog\/wp-content\/uploads\/2024\/06\/isdin-eryfotona-night-ultra-fluid-50-ml.jpg 1200w\" sizes=\"auto, (max-width: 862px) 100vw, 862px\" \/><\/figure>\n\n\n\n<p class=\"has-text-align-center\"><strong><a href=\"https:\/\/www.farmaciamoreo.com\/cremas-farmacia-serums\/4537-isdin-eryfotona-night-ultra-fluid-1-envase-50-ml.html\" target=\"_blank\" rel=\"noreferrer noopener\">Haz click para m\u00e1s informaci\u00f3n<\/a><\/strong><\/p>\n\n\n\n<p>El s\u00e9rum de noche ISDIN Eryfotona Night Ultra Fluid es un tratamiento revitalizante dise\u00f1ado para abordar y mitigar los efectos del da\u00f1o solar, haciendo de \u00e9l un aliado crucial en la lucha contra la queratosis act\u00ednica. Este producto promueve la regeneraci\u00f3n natural de la piel durante el sue\u00f1o, aprovechando un momento \u00f3ptimo para la reparaci\u00f3n celular. Con su exclusivo complejo DNA Night Repairsomes\u00ae, que incluye Micrococcus lysate, niacinamida y diosmina, el s\u00e9rum trabaja intensamente para reparar los signos visibles del da\u00f1o solar acumulado y reducir la aparici\u00f3n de nuevas lesiones asociadas a la exposici\u00f3n solar prolongada.<\/p>\n\n\n\n<p>Ideal para personas con queratosis act\u00ednica o en riesgo de desarrollarla, Eryfotona\u00ae Night Ultra Fluid ayuda a mejorar el aspecto y la calidad de la piel, aumentando significativamente su firmeza y elasticidad. Adem\u00e1s, ingredientes como el Bakuchiol y la Melatonina impulsan la renovaci\u00f3n de la piel y mantienen los niveles de col\u00e1geno, mientras que la Alanto\u00edna y la Vitamina E calman la piel irritada y ofrecen poderosa acci\u00f3n antioxidante. Este s\u00e9rum no solo hidrata intensamente, sino que su textura ultrafluida asegura una absorci\u00f3n r\u00e1pida y profunda, dejando la piel rejuvenecida y mejor preparada para resistir los efectos del sol.<\/p>\n\n\n\n<p><\/p>\n\n\n\n<h3 class=\"wp-block-heading\"><span class=\"ez-toc-section\" id=\"Tratamientos_de_prescripcion_medica\"><\/span>Tratamientos de prescripci\u00f3n medica<span class=\"ez-toc-section-end\"><\/span><\/h3>\n\n\n\n<ul class=\"wp-block-list\">\n<li><strong>Crioterapia<\/strong>: Utiliza nitr\u00f3geno l\u00edquido para congelar y destruir las lesiones act\u00ednicas.<\/li>\n\n\n\n<li><strong>Terapia fotodin\u00e1mica (PDT)<\/strong>: Combina medicaci\u00f3n con luz para destruir c\u00e9lulas precancerosas.<\/li>\n\n\n\n<li><strong>Cremas t\u00f3picas de prescripci\u00f3n medica:<\/strong> Medicamentos como 5-fluorouracilo y imiquimod que inducen la muerte de c\u00e9lulas da\u00f1adas por el sol.<\/li>\n\n\n\n<li><strong>Exfoliaciones qu\u00edmicas<\/strong>: Utilizadas para remover capas da\u00f1adas de la piel y promover el crecimiento de piel sana.<\/li>\n<\/ul>\n\n\n\n<h2 class=\"wp-block-heading\"><span class=\"ez-toc-section\" id=\"Conclusion\"><\/span>Conclusi\u00f3n<span class=\"ez-toc-section-end\"><\/span><\/h2>\n\n\n\n<p>La queratosis act\u00ednica es una se\u00f1al de advertencia que no debe ignorarse. Con medidas preventivas efectivas y opciones de tratamiento, las personas con QA pueden gestionar su condici\u00f3n y reducir significativamente el riesgo de c\u00e1ncer de piel. Si sospecha que tiene queratosis act\u00ednica, consulte a un dermat\u00f3logo para un diagn\u00f3stico y plan de tratamiento adecuados. Mantenerse informado y proactivo en el cuidado de su piel es el mejor paso hacia una vida saludable<\/p>\n","protected":false},"excerpt":{"rendered":"<p>La queratosis act\u00ednica (QA o AK), com\u00fanmente conocida como queratosis solar, es una afecci\u00f3n cut\u00e1nea premaligna que se forma como resultado de la exposici\u00f3n acumulada a la radiaci\u00f3n ultravioleta (UV) del sol. Hoy en Cosm\u00e9tica Independiente os ofrecemos una visi\u00f3n completa sobre qu\u00e9 es la queratosis act\u00ednica, c\u00f3mo prevenirla y las opciones de tratamiento disponibles. [&hellip;]<\/p>\n","protected":false},"author":2,"featured_media":1275,"comment_status":"open","ping_status":"open","sticky":false,"template":"","format":"standard","meta":{"footnotes":""},"categories":[4,29],"tags":[],"class_list":["post-1378","post","type-post","status-publish","format-standard","has-post-thumbnail","hentry","category-cosmetica-independiente","category-proteccion-solar"],"yoast_head":"<!-- This site is optimized with the Yoast SEO plugin v22.4 - https:\/\/yoast.com\/wordpress\/plugins\/seo\/ -->\n<title>Queratosis Act\u00ednica: Prevenci\u00f3n y Tratamiento - Cosm\u00e9tica Independiente - Blog de Farmacia Moreo<\/title>\n<meta name=\"description\" content=\"Descubre todo sobre la Queratosis Act\u00ednica, incluyendo prevenci\u00f3n, factores de riesgo y las mejores opciones de tratamiento\" \/>\n<meta name=\"robots\" content=\"index, follow, max-snippet:-1, max-image-preview:large, max-video-preview:-1\" \/>\n<link rel=\"canonical\" href=\"https:\/\/www.farmaciamoreo.com\/blog\/tratamiento-queratosis-actinica\/\" \/>\n<meta property=\"og:locale\" content=\"es_ES\" \/>\n<meta property=\"og:type\" content=\"article\" \/>\n<meta property=\"og:title\" content=\"Queratosis Act\u00ednica: Prevenci\u00f3n y Tratamiento - Cosm\u00e9tica Independiente - Blog de Farmacia Moreo\" \/>\n<meta property=\"og:description\" content=\"Descubre todo sobre la Queratosis Act\u00ednica, incluyendo prevenci\u00f3n, factores de riesgo y las mejores opciones de tratamiento\" \/>\n<meta property=\"og:url\" content=\"https:\/\/www.farmaciamoreo.com\/blog\/tratamiento-queratosis-actinica\/\" \/>\n<meta property=\"og:site_name\" content=\"Cosm\u00e9tica Independiente - Blog de Farmacia Moreo\" \/>\n<meta property=\"article:published_time\" content=\"2024-06-08T11:42:24+00:00\" \/>\n<meta property=\"article:modified_time\" content=\"2024-06-08T11:44:41+00:00\" \/>\n<meta property=\"og:image\" content=\"https:\/\/www.farmaciamoreo.com\/blog\/wp-content\/uploads\/2024\/04\/queratosisactinica.png\" \/>\n\t<meta property=\"og:image:width\" content=\"1024\" \/>\n\t<meta property=\"og:image:height\" content=\"1024\" \/>\n\t<meta property=\"og:image:type\" content=\"image\/png\" \/>\n<meta name=\"author\" content=\"Miguel Montero\" \/>\n<meta name=\"twitter:card\" content=\"summary_large_image\" \/>\n<meta name=\"twitter:label1\" content=\"Escrito por\" \/>\n\t<meta name=\"twitter:data1\" content=\"Miguel Montero\" \/>\n\t<meta name=\"twitter:label2\" content=\"Tiempo de lectura\" \/>\n\t<meta name=\"twitter:data2\" content=\"8 minutos\" \/>\n<script type=\"application\/ld+json\" class=\"yoast-schema-graph\">{\"@context\":\"https:\/\/schema.org\",\"@graph\":[{\"@type\":\"Article\",\"@id\":\"https:\/\/www.farmaciamoreo.com\/blog\/tratamiento-queratosis-actinica\/#article\",\"isPartOf\":{\"@id\":\"https:\/\/www.farmaciamoreo.com\/blog\/tratamiento-queratosis-actinica\/\"},\"author\":{\"name\":\"Miguel Montero\",\"@id\":\"https:\/\/www.farmaciamoreo.com\/blog\/#\/schema\/person\/a85bf69552ab311f84be594eda459a46\"},\"headline\":\"Queratosis Act\u00ednica: Prevenci\u00f3n y Tratamiento\",\"datePublished\":\"2024-06-08T11:42:24+00:00\",\"dateModified\":\"2024-06-08T11:44:41+00:00\",\"mainEntityOfPage\":{\"@id\":\"https:\/\/www.farmaciamoreo.com\/blog\/tratamiento-queratosis-actinica\/\"},\"wordCount\":1640,\"commentCount\":0,\"publisher\":{\"@id\":\"https:\/\/www.farmaciamoreo.com\/blog\/#organization\"},\"image\":{\"@id\":\"https:\/\/www.farmaciamoreo.com\/blog\/tratamiento-queratosis-actinica\/#primaryimage\"},\"thumbnailUrl\":\"https:\/\/www.farmaciamoreo.com\/blog\/wp-content\/uploads\/2024\/04\/queratosisactinica.png\",\"articleSection\":[\"Cosm\u00e9tica independiente\",\"Protecci\u00f3n solar\"],\"inLanguage\":\"es\",\"potentialAction\":[{\"@type\":\"CommentAction\",\"name\":\"Comment\",\"target\":[\"https:\/\/www.farmaciamoreo.com\/blog\/tratamiento-queratosis-actinica\/#respond\"]}]},{\"@type\":\"WebPage\",\"@id\":\"https:\/\/www.farmaciamoreo.com\/blog\/tratamiento-queratosis-actinica\/\",\"url\":\"https:\/\/www.farmaciamoreo.com\/blog\/tratamiento-queratosis-actinica\/\",\"name\":\"Queratosis Act\u00ednica: Prevenci\u00f3n y Tratamiento - Cosm\u00e9tica Independiente - Blog de Farmacia Moreo\",\"isPartOf\":{\"@id\":\"https:\/\/www.farmaciamoreo.com\/blog\/#website\"},\"primaryImageOfPage\":{\"@id\":\"https:\/\/www.farmaciamoreo.com\/blog\/tratamiento-queratosis-actinica\/#primaryimage\"},\"image\":{\"@id\":\"https:\/\/www.farmaciamoreo.com\/blog\/tratamiento-queratosis-actinica\/#primaryimage\"},\"thumbnailUrl\":\"https:\/\/www.farmaciamoreo.com\/blog\/wp-content\/uploads\/2024\/04\/queratosisactinica.png\",\"datePublished\":\"2024-06-08T11:42:24+00:00\",\"dateModified\":\"2024-06-08T11:44:41+00:00\",\"description\":\"Descubre todo sobre la Queratosis Act\u00ednica, incluyendo prevenci\u00f3n, factores de riesgo y las mejores opciones de tratamiento\",\"breadcrumb\":{\"@id\":\"https:\/\/www.farmaciamoreo.com\/blog\/tratamiento-queratosis-actinica\/#breadcrumb\"},\"inLanguage\":\"es\",\"potentialAction\":[{\"@type\":\"ReadAction\",\"target\":[\"https:\/\/www.farmaciamoreo.com\/blog\/tratamiento-queratosis-actinica\/\"]}]},{\"@type\":\"ImageObject\",\"inLanguage\":\"es\",\"@id\":\"https:\/\/www.farmaciamoreo.com\/blog\/tratamiento-queratosis-actinica\/#primaryimage\",\"url\":\"https:\/\/www.farmaciamoreo.com\/blog\/wp-content\/uploads\/2024\/04\/queratosisactinica.png\",\"contentUrl\":\"https:\/\/www.farmaciamoreo.com\/blog\/wp-content\/uploads\/2024\/04\/queratosisactinica.png\",\"width\":1024,\"height\":1024},{\"@type\":\"BreadcrumbList\",\"@id\":\"https:\/\/www.farmaciamoreo.com\/blog\/tratamiento-queratosis-actinica\/#breadcrumb\",\"itemListElement\":[{\"@type\":\"ListItem\",\"position\":1,\"name\":\"Portada\",\"item\":\"https:\/\/www.farmaciamoreo.com\/blog\/\"},{\"@type\":\"ListItem\",\"position\":2,\"name\":\"Queratosis Act\u00ednica: Prevenci\u00f3n y Tratamiento\"}]},{\"@type\":\"WebSite\",\"@id\":\"https:\/\/www.farmaciamoreo.com\/blog\/#website\",\"url\":\"https:\/\/www.farmaciamoreo.com\/blog\/\",\"name\":\"Cosm\u00e9tica Independiente - Blog de Farmacia Moreo\",\"description\":\"Cosm\u00e9tica Independiente - Blog de Farmacia Moreo\",\"publisher\":{\"@id\":\"https:\/\/www.farmaciamoreo.com\/blog\/#organization\"},\"potentialAction\":[{\"@type\":\"SearchAction\",\"target\":{\"@type\":\"EntryPoint\",\"urlTemplate\":\"https:\/\/www.farmaciamoreo.com\/blog\/?s={search_term_string}\"},\"query-input\":\"required name=search_term_string\"}],\"inLanguage\":\"es\"},{\"@type\":\"Organization\",\"@id\":\"https:\/\/www.farmaciamoreo.com\/blog\/#organization\",\"name\":\"Farmacia Moreo\",\"url\":\"https:\/\/www.farmaciamoreo.com\/blog\/\",\"logo\":{\"@type\":\"ImageObject\",\"inLanguage\":\"es\",\"@id\":\"https:\/\/www.farmaciamoreo.com\/blog\/#\/schema\/logo\/image\/\",\"url\":\"https:\/\/www.farmaciamoreo.com\/blog\/wp-content\/uploads\/2023\/02\/farmacia-moreo-logo-1642152766.png\",\"contentUrl\":\"https:\/\/www.farmaciamoreo.com\/blog\/wp-content\/uploads\/2023\/02\/farmacia-moreo-logo-1642152766.png\",\"width\":200,\"height\":161,\"caption\":\"Farmacia Moreo\"},\"image\":{\"@id\":\"https:\/\/www.farmaciamoreo.com\/blog\/#\/schema\/logo\/image\/\"},\"sameAs\":[\"https:\/\/www.instagram.com\/farmaciacarmenmoreo\/\"]},{\"@type\":\"Person\",\"@id\":\"https:\/\/www.farmaciamoreo.com\/blog\/#\/schema\/person\/a85bf69552ab311f84be594eda459a46\",\"name\":\"Miguel Montero\",\"image\":{\"@type\":\"ImageObject\",\"inLanguage\":\"es\",\"@id\":\"https:\/\/www.farmaciamoreo.com\/blog\/#\/schema\/person\/image\/\",\"url\":\"https:\/\/secure.gravatar.com\/avatar\/9d2db4a6adcb3298e2e593cb4a22ab03cb0fe923c751d173f70489e1ae4ba697?s=96&d=mm&r=g\",\"contentUrl\":\"https:\/\/secure.gravatar.com\/avatar\/9d2db4a6adcb3298e2e593cb4a22ab03cb0fe923c751d173f70489e1ae4ba697?s=96&d=mm&r=g\",\"caption\":\"Miguel Montero\"},\"description\":\"Farmac\u00e9utico, especialista en cosm\u00e9tica y t\u00e9cnico en ortopedia. Vocal de Dermofarmacia del Colegio Oficial de Farmac\u00e9uticos de Zaragoza. Gerente en Farmacia Moreo.\",\"sameAs\":[\"http:\/\/www.farmaciamoreo.com\",\"https:\/\/www.instagram.com\/farmaciacarmenmoreo\/?hl=es\",\"linkedin.com\/in\/miguel-montero-moreo-17327a267\",\"https:\/\/www.youtube.com\/@farmaciamoreo4965\"],\"url\":\"https:\/\/www.farmaciamoreo.com\/blog\/author\/miguel\/\"}]}<\/script>\n<!-- \/ Yoast SEO plugin. -->","yoast_head_json":{"title":"Queratosis Act\u00ednica: Prevenci\u00f3n y Tratamiento - Cosm\u00e9tica Independiente - Blog de Farmacia Moreo","description":"Descubre todo sobre la Queratosis Act\u00ednica, incluyendo prevenci\u00f3n, factores de riesgo y las mejores opciones de tratamiento","robots":{"index":"index","follow":"follow","max-snippet":"max-snippet:-1","max-image-preview":"max-image-preview:large","max-video-preview":"max-video-preview:-1"},"canonical":"https:\/\/www.farmaciamoreo.com\/blog\/tratamiento-queratosis-actinica\/","og_locale":"es_ES","og_type":"article","og_title":"Queratosis Act\u00ednica: Prevenci\u00f3n y Tratamiento - Cosm\u00e9tica Independiente - Blog de Farmacia Moreo","og_description":"Descubre todo sobre la Queratosis Act\u00ednica, incluyendo prevenci\u00f3n, factores de riesgo y las mejores opciones de tratamiento","og_url":"https:\/\/www.farmaciamoreo.com\/blog\/tratamiento-queratosis-actinica\/","og_site_name":"Cosm\u00e9tica Independiente - Blog de Farmacia Moreo","article_published_time":"2024-06-08T11:42:24+00:00","article_modified_time":"2024-06-08T11:44:41+00:00","og_image":[{"width":1024,"height":1024,"url":"https:\/\/www.farmaciamoreo.com\/blog\/wp-content\/uploads\/2024\/04\/queratosisactinica.png","type":"image\/png"}],"author":"Miguel Montero","twitter_card":"summary_large_image","twitter_misc":{"Escrito por":"Miguel Montero","Tiempo de lectura":"8 minutos"},"schema":{"@context":"https:\/\/schema.org","@graph":[{"@type":"Article","@id":"https:\/\/www.farmaciamoreo.com\/blog\/tratamiento-queratosis-actinica\/#article","isPartOf":{"@id":"https:\/\/www.farmaciamoreo.com\/blog\/tratamiento-queratosis-actinica\/"},"author":{"name":"Miguel Montero","@id":"https:\/\/www.farmaciamoreo.com\/blog\/#\/schema\/person\/a85bf69552ab311f84be594eda459a46"},"headline":"Queratosis Act\u00ednica: Prevenci\u00f3n y Tratamiento","datePublished":"2024-06-08T11:42:24+00:00","dateModified":"2024-06-08T11:44:41+00:00","mainEntityOfPage":{"@id":"https:\/\/www.farmaciamoreo.com\/blog\/tratamiento-queratosis-actinica\/"},"wordCount":1640,"commentCount":0,"publisher":{"@id":"https:\/\/www.farmaciamoreo.com\/blog\/#organization"},"image":{"@id":"https:\/\/www.farmaciamoreo.com\/blog\/tratamiento-queratosis-actinica\/#primaryimage"},"thumbnailUrl":"https:\/\/www.farmaciamoreo.com\/blog\/wp-content\/uploads\/2024\/04\/queratosisactinica.png","articleSection":["Cosm\u00e9tica independiente","Protecci\u00f3n solar"],"inLanguage":"es","potentialAction":[{"@type":"CommentAction","name":"Comment","target":["https:\/\/www.farmaciamoreo.com\/blog\/tratamiento-queratosis-actinica\/#respond"]}]},{"@type":"WebPage","@id":"https:\/\/www.farmaciamoreo.com\/blog\/tratamiento-queratosis-actinica\/","url":"https:\/\/www.farmaciamoreo.com\/blog\/tratamiento-queratosis-actinica\/","name":"Queratosis Act\u00ednica: Prevenci\u00f3n y Tratamiento - Cosm\u00e9tica Independiente - Blog de Farmacia Moreo","isPartOf":{"@id":"https:\/\/www.farmaciamoreo.com\/blog\/#website"},"primaryImageOfPage":{"@id":"https:\/\/www.farmaciamoreo.com\/blog\/tratamiento-queratosis-actinica\/#primaryimage"},"image":{"@id":"https:\/\/www.farmaciamoreo.com\/blog\/tratamiento-queratosis-actinica\/#primaryimage"},"thumbnailUrl":"https:\/\/www.farmaciamoreo.com\/blog\/wp-content\/uploads\/2024\/04\/queratosisactinica.png","datePublished":"2024-06-08T11:42:24+00:00","dateModified":"2024-06-08T11:44:41+00:00","description":"Descubre todo sobre la Queratosis Act\u00ednica, incluyendo prevenci\u00f3n, factores de riesgo y las mejores opciones de tratamiento","breadcrumb":{"@id":"https:\/\/www.farmaciamoreo.com\/blog\/tratamiento-queratosis-actinica\/#breadcrumb"},"inLanguage":"es","potentialAction":[{"@type":"ReadAction","target":["https:\/\/www.farmaciamoreo.com\/blog\/tratamiento-queratosis-actinica\/"]}]},{"@type":"ImageObject","inLanguage":"es","@id":"https:\/\/www.farmaciamoreo.com\/blog\/tratamiento-queratosis-actinica\/#primaryimage","url":"https:\/\/www.farmaciamoreo.com\/blog\/wp-content\/uploads\/2024\/04\/queratosisactinica.png","contentUrl":"https:\/\/www.farmaciamoreo.com\/blog\/wp-content\/uploads\/2024\/04\/queratosisactinica.png","width":1024,"height":1024},{"@type":"BreadcrumbList","@id":"https:\/\/www.farmaciamoreo.com\/blog\/tratamiento-queratosis-actinica\/#breadcrumb","itemListElement":[{"@type":"ListItem","position":1,"name":"Portada","item":"https:\/\/www.farmaciamoreo.com\/blog\/"},{"@type":"ListItem","position":2,"name":"Queratosis Act\u00ednica: Prevenci\u00f3n y Tratamiento"}]},{"@type":"WebSite","@id":"https:\/\/www.farmaciamoreo.com\/blog\/#website","url":"https:\/\/www.farmaciamoreo.com\/blog\/","name":"Cosm\u00e9tica Independiente - Blog de Farmacia Moreo","description":"Cosm\u00e9tica Independiente - Blog de Farmacia Moreo","publisher":{"@id":"https:\/\/www.farmaciamoreo.com\/blog\/#organization"},"potentialAction":[{"@type":"SearchAction","target":{"@type":"EntryPoint","urlTemplate":"https:\/\/www.farmaciamoreo.com\/blog\/?s={search_term_string}"},"query-input":"required name=search_term_string"}],"inLanguage":"es"},{"@type":"Organization","@id":"https:\/\/www.farmaciamoreo.com\/blog\/#organization","name":"Farmacia Moreo","url":"https:\/\/www.farmaciamoreo.com\/blog\/","logo":{"@type":"ImageObject","inLanguage":"es","@id":"https:\/\/www.farmaciamoreo.com\/blog\/#\/schema\/logo\/image\/","url":"https:\/\/www.farmaciamoreo.com\/blog\/wp-content\/uploads\/2023\/02\/farmacia-moreo-logo-1642152766.png","contentUrl":"https:\/\/www.farmaciamoreo.com\/blog\/wp-content\/uploads\/2023\/02\/farmacia-moreo-logo-1642152766.png","width":200,"height":161,"caption":"Farmacia Moreo"},"image":{"@id":"https:\/\/www.farmaciamoreo.com\/blog\/#\/schema\/logo\/image\/"},"sameAs":["https:\/\/www.instagram.com\/farmaciacarmenmoreo\/"]},{"@type":"Person","@id":"https:\/\/www.farmaciamoreo.com\/blog\/#\/schema\/person\/a85bf69552ab311f84be594eda459a46","name":"Miguel Montero","image":{"@type":"ImageObject","inLanguage":"es","@id":"https:\/\/www.farmaciamoreo.com\/blog\/#\/schema\/person\/image\/","url":"https:\/\/secure.gravatar.com\/avatar\/9d2db4a6adcb3298e2e593cb4a22ab03cb0fe923c751d173f70489e1ae4ba697?s=96&d=mm&r=g","contentUrl":"https:\/\/secure.gravatar.com\/avatar\/9d2db4a6adcb3298e2e593cb4a22ab03cb0fe923c751d173f70489e1ae4ba697?s=96&d=mm&r=g","caption":"Miguel Montero"},"description":"Farmac\u00e9utico, especialista en cosm\u00e9tica y t\u00e9cnico en ortopedia. Vocal de Dermofarmacia del Colegio Oficial de Farmac\u00e9uticos de Zaragoza. Gerente en Farmacia Moreo.","sameAs":["http:\/\/www.farmaciamoreo.com","https:\/\/www.instagram.com\/farmaciacarmenmoreo\/?hl=es","linkedin.com\/in\/miguel-montero-moreo-17327a267","https:\/\/www.youtube.com\/@farmaciamoreo4965"],"url":"https:\/\/www.farmaciamoreo.com\/blog\/author\/miguel\/"}]}},"_links":{"self":[{"href":"https:\/\/www.farmaciamoreo.com\/blog\/wp-json\/wp\/v2\/posts\/1378","targetHints":{"allow":["GET"]}}],"collection":[{"href":"https:\/\/www.farmaciamoreo.com\/blog\/wp-json\/wp\/v2\/posts"}],"about":[{"href":"https:\/\/www.farmaciamoreo.com\/blog\/wp-json\/wp\/v2\/types\/post"}],"author":[{"embeddable":true,"href":"https:\/\/www.farmaciamoreo.com\/blog\/wp-json\/wp\/v2\/users\/2"}],"replies":[{"embeddable":true,"href":"https:\/\/www.farmaciamoreo.com\/blog\/wp-json\/wp\/v2\/comments?post=1378"}],"version-history":[{"count":7,"href":"https:\/\/www.farmaciamoreo.com\/blog\/wp-json\/wp\/v2\/posts\/1378\/revisions"}],"predecessor-version":[{"id":1389,"href":"https:\/\/www.farmaciamoreo.com\/blog\/wp-json\/wp\/v2\/posts\/1378\/revisions\/1389"}],"wp:featuredmedia":[{"embeddable":true,"href":"https:\/\/www.farmaciamoreo.com\/blog\/wp-json\/wp\/v2\/media\/1275"}],"wp:attachment":[{"href":"https:\/\/www.farmaciamoreo.com\/blog\/wp-json\/wp\/v2\/media?parent=1378"}],"wp:term":[{"taxonomy":"category","embeddable":true,"href":"https:\/\/www.farmaciamoreo.com\/blog\/wp-json\/wp\/v2\/categories?post=1378"},{"taxonomy":"post_tag","embeddable":true,"href":"https:\/\/www.farmaciamoreo.com\/blog\/wp-json\/wp\/v2\/tags?post=1378"}],"curies":[{"name":"wp","href":"https:\/\/api.w.org\/{rel}","templated":true}]}}